{"id":1,"date":"2022-11-23T14:28:13","date_gmt":"2022-11-23T14:28:13","guid":{"rendered":"http:\/\/rapport.upcf.netmanage-dev.ch\/?p=1"},"modified":"2024-05-23T08:02:39","modified_gmt":"2024-05-23T08:02:39","slug":"rapportpresident2022","status":"publish","type":"post","link":"https:\/\/rapport.upcf.ch\/index.php\/2022\/11\/23\/rapportpresident2022\/","title":{"rendered":"2022 Rapport pr\u00e9sident &#8211; Patrick Gendre &#8211; FR"},"content":{"rendered":"\t\t<div data-elementor-type=\"wp-post\" data-elementor-id=\"1\" class=\"elementor elementor-1\" data-elementor-post-type=\"post\">\n\t\t\t\t\t\t<section class=\"elementor-section elementor-top-section elementor-element elementor-element-922fba8 elementor-section-height-min-height elementor-section-boxed elementor-section-height-default elementor-section-items-middle\" data-id=\"922fba8\" data-element_type=\"section\" data-e-type=\"section\" data-settings=\"{&quot;animation&quot;:&quot;none&quot;,&quot;background_background&quot;:&quot;classic&quot;,&quot;shape_divider_bottom&quot;:&quot;curve&quot;,&quot;shape_divider_bottom_negative&quot;:&quot;yes&quot;}\">\n\t\t\t\t\t\t\t<div class=\"elementor-background-overlay\"><\/div>\n\t\t\t\t\t\t<div class=\"elementor-shape elementor-shape-bottom\" aria-hidden=\"true\" data-negative=\"true\">\n\t\t\t<svg xmlns=\"http:\/\/www.w3.org\/2000\/svg\" viewBox=\"0 0 1000 100\" preserveAspectRatio=\"none\">\n\t<path class=\"elementor-shape-fill\" d=\"M500,97C126.7,96.3,0.8,19.8,0,0v100l1000,0V1C1000,19.4,873.3,97.8,500,97z\"\/>\n<\/svg>\t\t<\/div>\n\t\t\t\t\t<div class=\"elementor-container elementor-column-gap-default\">\n\t\t\t\t\t<div class=\"elementor-column elementor-col-100 elementor-top-column elementor-element elementor-element-43375ad\" data-id=\"43375ad\" data-element_type=\"column\" data-e-type=\"column\">\n\t\t\t<div class=\"elementor-widget-wrap elementor-element-populated\">\n\t\t\t\t\t\t<div class=\"elementor-element elementor-element-4ccfff3 elementor-widget elementor-widget-image\" data-id=\"4ccfff3\" data-element_type=\"widget\" data-e-type=\"widget\" data-widget_type=\"image.default\">\n\t\t\t\t<div class=\"elementor-widget-container\">\n\t\t\t\t\t\t\t\t\t\t\t\t\t\t\t<img fetchpriority=\"high\" decoding=\"async\" width=\"300\" height=\"300\" src=\"https:\/\/rapport.upcf.ch\/wp-content\/uploads\/2023\/01\/Logo_Rond_OK_Plan-de-travail-1.svg\" class=\"attachment-medium size-medium wp-image-606\" alt=\"\" \/>\t\t\t\t\t\t\t\t\t\t\t\t\t\t\t<\/div>\n\t\t\t\t<\/div>\n\t\t\t\t<div class=\"elementor-element elementor-element-f1457bf elementor-invisible elementor-widget elementor-widget-heading\" data-id=\"f1457bf\" data-element_type=\"widget\" data-e-type=\"widget\" data-settings=\"{&quot;_animation&quot;:&quot;fadeInLeft&quot;}\" data-widget_type=\"heading.default\">\n\t\t\t\t<div class=\"elementor-widget-container\">\n\t\t\t\t\t<h1 class=\"elementor-heading-title elementor-size-default\">Rapport annuel<\/h1>\t\t\t\t<\/div>\n\t\t\t\t<\/div>\n\t\t\t\t<div class=\"elementor-element elementor-element-e3a654b elementor-invisible elementor-widget elementor-widget-heading\" data-id=\"e3a654b\" data-element_type=\"widget\" data-e-type=\"widget\" data-settings=\"{&quot;_animation&quot;:&quot;fadeInRight&quot;}\" data-widget_type=\"heading.default\">\n\t\t\t\t<div class=\"elementor-widget-container\">\n\t\t\t\t\t<h1 class=\"elementor-heading-title elementor-size-default\">2022<\/h1>\t\t\t\t<\/div>\n\t\t\t\t<\/div>\n\t\t\t\t\t<\/div>\n\t\t<\/div>\n\t\t\t\t\t<\/div>\n\t\t<\/section>\n\t\t\t\t<section class=\"elementor-section elementor-top-section elementor-element elementor-element-5f6ffe52 elementor-section-height-min-height elementor-section-boxed elementor-section-height-default elementor-section-items-middle\" data-id=\"5f6ffe52\" data-element_type=\"section\" data-e-type=\"section\">\n\t\t\t\t\t\t<div class=\"elementor-container elementor-column-gap-default\">\n\t\t\t\t\t<div class=\"elementor-column elementor-col-100 elementor-top-column elementor-element elementor-element-6e1ea24d\" data-id=\"6e1ea24d\" data-element_type=\"column\" data-e-type=\"column\">\n\t\t\t<div class=\"elementor-widget-wrap elementor-element-populated\">\n\t\t\t\t\t\t<div class=\"elementor-element elementor-element-4ea4e8f elementor-widget elementor-widget-spacer\" data-id=\"4ea4e8f\" data-element_type=\"widget\" data-e-type=\"widget\" data-widget_type=\"spacer.default\">\n\t\t\t\t<div class=\"elementor-widget-container\">\n\t\t\t\t\t\t\t<div class=\"elementor-spacer\">\n\t\t\t<div class=\"elementor-spacer-inner\"><\/div>\n\t\t<\/div>\n\t\t\t\t\t\t<\/div>\n\t\t\t\t<\/div>\n\t\t\t\t<div class=\"elementor-element elementor-element-a223fc2 elementor-author-box--layout-image-above elementor-author-box--align-center elementor-widget elementor-widget-author-box\" data-id=\"a223fc2\" data-element_type=\"widget\" data-e-type=\"widget\" data-widget_type=\"author-box.default\">\n\t\t\t\t<div class=\"elementor-widget-container\">\n\t\t\t\t\t\t\t<div class=\"elementor-author-box\">\n\t\t\t\t\t\t\t<div  class=\"elementor-author-box__avatar\">\n\t\t\t\t\t<img decoding=\"async\" src=\"https:\/\/rapport.upcf.ch\/wp-content\/uploads\/2022\/11\/Patrick_Gendre_1-1-300x300.jpg\" alt=\"Image de Patrick Gendre\" loading=\"lazy\">\n\t\t\t\t<\/div>\n\t\t\t\n\t\t\t<div class=\"elementor-author-box__text\">\n\t\t\t\t\t\t\t\t\t<div >\n\t\t\t\t\t\t<h4 class=\"elementor-author-box__name\">\n\t\t\t\t\t\t\tPatrick Gendre\t\t\t\t\t\t<\/h4>\n\t\t\t\t\t<\/div>\n\t\t\t\t\n\t\t\t\t\t\t\t\t\t<div class=\"elementor-author-box__bio\">\n\t\t\t\t\t\t<p>PRESIDENT<\/p>\n\t\t\t\t\t<\/div>\n\t\t\t\t\n\t\t\t\t\t\t\t<\/div>\n\t\t<\/div>\n\t\t\t\t\t\t<\/div>\n\t\t\t\t<\/div>\n\t\t\t\t<div class=\"elementor-element elementor-element-64da5a6 elementor-widget-divider--view-line elementor-widget elementor-widget-divider\" data-id=\"64da5a6\" data-element_type=\"widget\" data-e-type=\"widget\" data-widget_type=\"divider.default\">\n\t\t\t\t<div class=\"elementor-widget-container\">\n\t\t\t\t\t\t\t<div class=\"elementor-divider\">\n\t\t\t<span class=\"elementor-divider-separator\">\n\t\t\t\t\t\t<\/span>\n\t\t<\/div>\n\t\t\t\t\t\t<\/div>\n\t\t\t\t<\/div>\n\t\t\t\t<div class=\"elementor-element elementor-element-64d8e0e elementor-widget elementor-widget-heading\" data-id=\"64d8e0e\" data-element_type=\"widget\" data-e-type=\"widget\" data-widget_type=\"heading.default\">\n\t\t\t\t<div class=\"elementor-widget-container\">\n\t\t\t\t\t<h1 class=\"elementor-heading-title elementor-size-default\">Rapport du pr\u00e9sident<\/h1>\t\t\t\t<\/div>\n\t\t\t\t<\/div>\n\t\t\t\t<div class=\"elementor-element elementor-element-43a73fb4 elementor-widget elementor-widget-text-editor\" data-id=\"43a73fb4\" data-element_type=\"widget\" data-e-type=\"widget\" id=\"texterapportpresident\" data-widget_type=\"text-editor.default\">\n\t\t\t\t<div class=\"elementor-widget-container\">\n\t\t\t\t\t\t\t\t\t<p>L\u2019ann\u00e9e 2022 restera celle durant laquelle les derni\u00e8res mesures li\u00e9es \u00e0 la pand\u00e9mie de coronavirus ont \u00e9t\u00e9 lev\u00e9es. Une d\u00e9cision prise par les autorit\u00e9s qui a permis de r\u00e9duire la pression sur l\u2019\u00e9conomie mondiale, nationale et locale. Gr\u00e2ce \u00e0 cette suppression progressive des restrictions, les entreprises n\u2019ont plus eu besoin de recourir aux aides \u00e9tatiques pour assurer leur survie. Un indicateur positif pour entrevoir un retour \u00e0 la normalit\u00e9.<\/p><p>C\u2019\u00e9tait sans compter le d\u00e9clenchement d\u2019une nouvelle guerre en Europe. Au-del\u00e0 des drames humains qu&rsquo;elle implique, l\u2019invasion de l\u2019Ukraine par la Russie a entra\u00een\u00e9 des changements g\u00e9opolitiques majeurs, tout en faisant rejaillir des tensions que l\u2019on croyait appartenant au pass\u00e9. Les cons\u00e9quences de ce conflit sur notre \u00e9conomie sont capitales, notamment concernant l\u2019approvisionnement de l\u2019Europe en \u00e9nergies fossiles. En parall\u00e8le, l\u2019exode entra\u00een\u00e9e par cette guerre nous touche directement, mettant nos autorit\u00e9s face \u00e0 des d\u00e9fis d\u2019int\u00e9gration au sein de la soci\u00e9t\u00e9 et de l\u2019\u00e9conomie. Cela ne peut et ne doit pas \u00eatre ignor\u00e9.<\/p><p>D\u00e9j\u00e0 mis en exergue durant la pand\u00e9mie et exacerb\u00e9 par le conflit en Ukraine, les difficult\u00e9s d\u2019approvisionnement en biens de toutes sortes continuent de perturber l\u2019activit\u00e9 de nos entreprises. M\u00eame si les carnets de commandes sont pleins dans de multiples secteurs, beaucoup de structures subissent des d\u00e9lais de livraison \u00e9lastiques et peinent ainsi \u00e0 concr\u00e9tiser leur chiffre d\u2019affaires. Dans l\u2019hypoth\u00e8se o\u00f9 elles re\u00e7oivent enfin les mat\u00e9riaux et mati\u00e8res premi\u00e8res command\u00e9s, les entreprises doivent encore trouver les collaboratrices et collaborateurs et assurer la rel\u00e8ve d\u2019une main d\u2019\u0153uvre qualifi\u00e9e pour r\u00e9aliser les travaux. Les p\u00e9nuries de personnel sont surtout marqu\u00e9es dans certains secteurs comme l\u2019h\u00f4tellerie et la restauration, l\u2019informatique et les m\u00e9tiers en lien avec la transition \u00e9nerg\u00e9tique. Accentu\u00e9e par la pand\u00e9mie, l\u2019\u00e9volution du monde du travail a conditionn\u00e9 l\u2019\u00e9conomie, puisque les employ\u00e9-e-s potentiel-le-s sont toujours plus attir\u00e9-e-s par des postes \u00e0 temps partiel ou optent m\u00eame pour une r\u00e9orientation professionnelle. Le d\u00e9fi de trouver cette main d\u2019\u0153uvre qualifi\u00e9e va se poursuivre \u00e0 l\u2019avenir puisque les baby-boomers arrivent progressivement \u00e0 la retraite, alors qu\u2019ils repr\u00e9sentent encore aujourd\u2019hui une grande partie des forces actives de notre soci\u00e9t\u00e9. Dans ce contexte, il para\u00eet donc primordial d\u2019inciter nos entreprises \u00e0 former des apprenti-e-s. C\u2019est une des raisons qui poussent l\u2019UPCF \u00e0 travailler quotidiennement en faveur de la valorisation de la formation duale.<\/p><p>Le second semestre 2022, a, quant \u00e0 lui, \u00e9t\u00e9 marqu\u00e9 par des limitations d\u2019approvisionnement \u00e9nerg\u00e9tiques qui ont bien failli plonger le pays dans le noir. Au-del\u00e0 des mesures contraignantes, notre \u00e9conomie s\u2019est familiaris\u00e9e avec la transition \u00e9nerg\u00e9tique et a pris conscience de notre d\u00e9pendance \u00e0 certaines formes d\u2019\u00e9nergies. Le constat est sans appel, nous devons am\u00e9liorer notre ind\u00e9pendance \u00e9nerg\u00e9tique, afin d\u2019assurer un approvisionnement local, vari\u00e9 et durable. En parall\u00e8le de quoi, la population comme les entreprises sont invit\u00e9es \u00e0 continuer de mettre en \u0153uvre des mesures d\u2019\u00e9conomie d\u2019\u00e9nergie simples mais n\u00e9cessaires.<\/p><p>L\u2019ann\u00e9e 2022 s\u2019est termin\u00e9e avec une inflation en hausse, touchant tout l\u2019Occident. Les mesures mises en place tant aux Etats-Unis qu\u2019en Europe ont mis sous pression leur population respective ainsi que leurs entreprises qui ont subi une augmentation importante des taux d\u2019int\u00e9r\u00eats. Pour ces derni\u00e8res, le renouvellement de certains cr\u00e9dits aura des cons\u00e9quences sur leur activit\u00e9 et leur capacit\u00e9 d\u2019investissement.<br \/>Plusieurs signaux positifs se distinguent, malgr\u00e9 ce sombre tableau. Nous vivons dans une p\u00e9riode de plein emploi o\u00f9 les entreprises ont davantage de difficult\u00e9s \u00e0 recruter qu\u2019\u00e0 faire des affaires. Les probl\u00e8mes d\u2019approvisionnement en mati\u00e8res premi\u00e8res et mat\u00e9riaux ne semblent pas freiner le secteur de la construction, qui demeure un indicateur cl\u00e9 de la bonne sant\u00e9 de l\u2019\u00e9conomie. M\u00eame si toute une g\u00e9n\u00e9ration se pr\u00e9pare \u00e0 partir en retraite, l\u2019augmentation d\u00e9mographique attendue devrait att\u00e9nuer l\u2019impact de cette situation sur le march\u00e9 du travail. Avec une population qui pourrait d\u00e9passer les 350&rsquo;000 individus d\u00e8s 2025, notre canton peut se r\u00e9jouir de sa belle attractivit\u00e9.<\/p><p>La r\u00e9silience des entreprises et leur grande capacit\u00e9 d\u2019adaptation vont leur permettre une nouvelle fois de surmonter ces difficult\u00e9s. Un soutien important de la part des associations professionnelles leur permettra de trouver des solutions pragmatiques et concr\u00e8tes. De plus, un cadre l\u00e9gal favorable leur sera d\u2019une grande aide en limitant les contraintes administratives. C\u2019est \u00e0 cela que nous continuons d\u2019\u0153uvrer au sein de l\u2019UPCF.<\/p>\t\t\t\t\t\t\t\t<\/div>\n\t\t\t\t<\/div>\n\t\t\t\t<div class=\"elementor-element elementor-element-58c47a3 elementor-align-center elementor-widget elementor-widget-button\" data-id=\"58c47a3\" data-element_type=\"widget\" data-e-type=\"widget\" data-widget_type=\"button.default\">\n\t\t\t\t<div class=\"elementor-widget-container\">\n\t\t\t\t\t\t\t\t\t<div class=\"elementor-button-wrapper\">\n\t\t\t\t\t<a class=\"elementor-button elementor-button-link elementor-size-sm\" href=\"http:\/\/rapport.upcf.ch\/index.php\/de\/rapport-activite-2022\/http:\/\/rapport.upcf.ch\/index.php\/rapport-activite-2022-fr\/#rapportpresident2022\">\n\t\t\t\t\t\t<span class=\"elementor-button-content-wrapper\">\n\t\t\t\t\t\t\t\t\t<span class=\"elementor-button-text\">Retour au  rapport annuel<\/span>\n\t\t\t\t\t<\/span>\n\t\t\t\t\t<\/a>\n\t\t\t\t<\/div>\n\t\t\t\t\t\t\t\t<\/div>\n\t\t\t\t<\/div>\n\t\t\t\t<div class=\"elementor-element elementor-element-020b84b elementor-widget elementor-widget-spacer\" data-id=\"020b84b\" data-element_type=\"widget\" data-e-type=\"widget\" data-widget_type=\"spacer.default\">\n\t\t\t\t<div class=\"elementor-widget-container\">\n\t\t\t\t\t\t\t<div class=\"elementor-spacer\">\n\t\t\t<div class=\"elementor-spacer-inner\"><\/div>\n\t\t<\/div>\n\t\t\t\t\t\t<\/div>\n\t\t\t\t<\/div>\n\t\t\t\t\t<\/div>\n\t\t<\/div>\n\t\t\t\t\t<\/div>\n\t\t<\/section>\n\t\t\t\t<section class=\"elementor-section elementor-top-section elementor-element elementor-element-29d000b7 elementor-section-height-min-height elementor-section-boxed elementor-section-height-default elementor-section-items-middle elementor-invisible\" data-id=\"29d000b7\" data-element_type=\"section\" data-e-type=\"section\" id=\"direction\" data-settings=\"{&quot;animation&quot;:&quot;fadeIn&quot;,&quot;background_background&quot;:&quot;classic&quot;}\">\n\t\t\t\t\t\t\t<div class=\"elementor-background-overlay\"><\/div>\n\t\t\t\t\t\t\t<div class=\"elementor-container elementor-column-gap-default\">\n\t\t\t\t\t<div class=\"elementor-column elementor-col-100 elementor-top-column elementor-element elementor-element-7a95baca\" data-id=\"7a95baca\" data-element_type=\"column\" data-e-type=\"column\">\n\t\t\t<div class=\"elementor-widget-wrap\">\n\t\t\t\t\t\t\t<\/div>\n\t\t<\/div>\n\t\t\t\t\t<\/div>\n\t\t<\/section>\n\t\t\t\t<\/div>\n\t\t","protected":false},"excerpt":{"rendered":"<p>Rapport annuel 2022 Rapport du pr\u00e9sident L\u2019ann\u00e9e 2022 restera celle durant laquelle les derni\u00e8res mesures li\u00e9es \u00e0 la pand\u00e9mie de coronavirus ont \u00e9t\u00e9 lev\u00e9es. Une d\u00e9cision prise par les autorit\u00e9s qui a permis de r\u00e9duire la pression sur l\u2019\u00e9conomie mondiale, nationale et locale. Gr\u00e2ce \u00e0 cette suppression progressive des restrictions, les entreprises n\u2019ont plus eu [&hellip;]<\/p>\n","protected":false},"author":1,"featured_media":0,"comment_status":"open","ping_status":"closed","sticky":false,"template":"","format":"standard","meta":{"_uag_custom_page_level_css":"","footnotes":""},"categories":[1],"tags":[],"class_list":["post-1","post","type-post","status-publish","format-standard","hentry","category-uncategorized","entry"],"yoast_head":"<!-- This site is optimized with the Yoast SEO plugin v27.5 - https:\/\/yoast.com\/product\/yoast-seo-wordpress\/ -->\n<title>2022 Rapport pr\u00e9sident - Patrick Gendre - FR - Rapport activit\u00e9<\/title>\n<meta name=\"robots\" content=\"index, follow, max-snippet:-1, max-image-preview:large, max-video-preview:-1\" \/>\n<link rel=\"canonical\" href=\"https:\/\/rapport.upcf.ch\/index.php\/2022\/11\/23\/rapportpresident2022\/\" \/>\n<meta property=\"og:locale\" content=\"fr_FR\" \/>\n<meta property=\"og:type\" content=\"article\" \/>\n<meta property=\"og:title\" content=\"2022 Rapport pr\u00e9sident - Patrick Gendre - FR - Rapport activit\u00e9\" \/>\n<meta property=\"og:description\" content=\"Rapport annuel 2022 Rapport du pr\u00e9sident L\u2019ann\u00e9e 2022 restera celle durant laquelle les derni\u00e8res mesures li\u00e9es \u00e0 la pand\u00e9mie de coronavirus ont \u00e9t\u00e9 lev\u00e9es. Une d\u00e9cision prise par les autorit\u00e9s qui a permis de r\u00e9duire la pression sur l\u2019\u00e9conomie mondiale, nationale et locale. Gr\u00e2ce \u00e0 cette suppression progressive des restrictions, les entreprises n\u2019ont plus eu [&hellip;]\" \/>\n<meta property=\"og:url\" content=\"https:\/\/rapport.upcf.ch\/index.php\/2022\/11\/23\/rapportpresident2022\/\" \/>\n<meta property=\"og:site_name\" content=\"Rapport activit\u00e9\" \/>\n<meta property=\"article:published_time\" content=\"2022-11-23T14:28:13+00:00\" \/>\n<meta property=\"article:modified_time\" content=\"2024-05-23T08:02:39+00:00\" \/>\n<meta property=\"og:image\" content=\"https:\/\/rapport.upcf.ch\/wp-content\/uploads\/2023\/01\/Logo_Rond_OK_Plan-de-travail-1.svg\" \/>\n<meta name=\"author\" content=\"admin\" \/>\n<meta name=\"twitter:card\" content=\"summary_large_image\" \/>\n<meta name=\"twitter:label1\" content=\"\u00c9crit par\" \/>\n\t<meta name=\"twitter:data1\" content=\"admin\" \/>\n\t<meta name=\"twitter:label2\" content=\"Dur\u00e9e de lecture estim\u00e9e\" \/>\n\t<meta name=\"twitter:data2\" content=\"5 minutes\" \/>\n<script type=\"application\/ld+json\" class=\"yoast-schema-graph\">{\"@context\":\"https:\\\/\\\/schema.org\",\"@graph\":[{\"@type\":\"Article\",\"@id\":\"https:\\\/\\\/rapport.upcf.ch\\\/index.php\\\/2022\\\/11\\\/23\\\/rapportpresident2022\\\/#article\",\"isPartOf\":{\"@id\":\"https:\\\/\\\/rapport.upcf.ch\\\/index.php\\\/2022\\\/11\\\/23\\\/rapportpresident2022\\\/\"},\"author\":{\"name\":\"admin\",\"@id\":\"https:\\\/\\\/rapport.upcf.ch\\\/#\\\/schema\\\/person\\\/542e2a4e6115a0693bb5a90bbcfb5206\"},\"headline\":\"2022 Rapport pr\u00e9sident &#8211; Patrick Gendre &#8211; FR\",\"datePublished\":\"2022-11-23T14:28:13+00:00\",\"dateModified\":\"2024-05-23T08:02:39+00:00\",\"mainEntityOfPage\":{\"@id\":\"https:\\\/\\\/rapport.upcf.ch\\\/index.php\\\/2022\\\/11\\\/23\\\/rapportpresident2022\\\/\"},\"wordCount\":833,\"commentCount\":0,\"image\":{\"@id\":\"https:\\\/\\\/rapport.upcf.ch\\\/index.php\\\/2022\\\/11\\\/23\\\/rapportpresident2022\\\/#primaryimage\"},\"thumbnailUrl\":\"https:\\\/\\\/rapport.upcf.ch\\\/wp-content\\\/uploads\\\/2023\\\/01\\\/Logo_Rond_OK_Plan-de-travail-1.svg\",\"articleSection\":[\"Uncategorized\"],\"inLanguage\":\"fr-FR\",\"potentialAction\":[{\"@type\":\"CommentAction\",\"name\":\"Comment\",\"target\":[\"https:\\\/\\\/rapport.upcf.ch\\\/index.php\\\/2022\\\/11\\\/23\\\/rapportpresident2022\\\/#respond\"]}]},{\"@type\":\"WebPage\",\"@id\":\"https:\\\/\\\/rapport.upcf.ch\\\/index.php\\\/2022\\\/11\\\/23\\\/rapportpresident2022\\\/\",\"url\":\"https:\\\/\\\/rapport.upcf.ch\\\/index.php\\\/2022\\\/11\\\/23\\\/rapportpresident2022\\\/\",\"name\":\"2022 Rapport pr\u00e9sident - Patrick Gendre - FR - Rapport activit\u00e9\",\"isPartOf\":{\"@id\":\"https:\\\/\\\/rapport.upcf.ch\\\/#website\"},\"primaryImageOfPage\":{\"@id\":\"https:\\\/\\\/rapport.upcf.ch\\\/index.php\\\/2022\\\/11\\\/23\\\/rapportpresident2022\\\/#primaryimage\"},\"image\":{\"@id\":\"https:\\\/\\\/rapport.upcf.ch\\\/index.php\\\/2022\\\/11\\\/23\\\/rapportpresident2022\\\/#primaryimage\"},\"thumbnailUrl\":\"https:\\\/\\\/rapport.upcf.ch\\\/wp-content\\\/uploads\\\/2023\\\/01\\\/Logo_Rond_OK_Plan-de-travail-1.svg\",\"datePublished\":\"2022-11-23T14:28:13+00:00\",\"dateModified\":\"2024-05-23T08:02:39+00:00\",\"author\":{\"@id\":\"https:\\\/\\\/rapport.upcf.ch\\\/#\\\/schema\\\/person\\\/542e2a4e6115a0693bb5a90bbcfb5206\"},\"breadcrumb\":{\"@id\":\"https:\\\/\\\/rapport.upcf.ch\\\/index.php\\\/2022\\\/11\\\/23\\\/rapportpresident2022\\\/#breadcrumb\"},\"inLanguage\":\"fr-FR\",\"potentialAction\":[{\"@type\":\"ReadAction\",\"target\":[\"https:\\\/\\\/rapport.upcf.ch\\\/index.php\\\/2022\\\/11\\\/23\\\/rapportpresident2022\\\/\"]}]},{\"@type\":\"ImageObject\",\"inLanguage\":\"fr-FR\",\"@id\":\"https:\\\/\\\/rapport.upcf.ch\\\/index.php\\\/2022\\\/11\\\/23\\\/rapportpresident2022\\\/#primaryimage\",\"url\":\"https:\\\/\\\/rapport.upcf.ch\\\/wp-content\\\/uploads\\\/2023\\\/01\\\/Logo_Rond_OK_Plan-de-travail-1.svg\",\"contentUrl\":\"https:\\\/\\\/rapport.upcf.ch\\\/wp-content\\\/uploads\\\/2023\\\/01\\\/Logo_Rond_OK_Plan-de-travail-1.svg\",\"width\":595,\"height\":595},{\"@type\":\"BreadcrumbList\",\"@id\":\"https:\\\/\\\/rapport.upcf.ch\\\/index.php\\\/2022\\\/11\\\/23\\\/rapportpresident2022\\\/#breadcrumb\",\"itemListElement\":[{\"@type\":\"ListItem\",\"position\":1,\"name\":\"Accueil\",\"item\":\"https:\\\/\\\/rapport.upcf.ch\\\/\"},{\"@type\":\"ListItem\",\"position\":2,\"name\":\"2022 Rapport pr\u00e9sident &#8211; Patrick Gendre &#8211; FR\"}]},{\"@type\":\"WebSite\",\"@id\":\"https:\\\/\\\/rapport.upcf.ch\\\/#website\",\"url\":\"https:\\\/\\\/rapport.upcf.ch\\\/\",\"name\":\"Rapport activit\u00e9\",\"description\":\"\",\"potentialAction\":[{\"@type\":\"SearchAction\",\"target\":{\"@type\":\"EntryPoint\",\"urlTemplate\":\"https:\\\/\\\/rapport.upcf.ch\\\/?s={search_term_string}\"},\"query-input\":{\"@type\":\"PropertyValueSpecification\",\"valueRequired\":true,\"valueName\":\"search_term_string\"}}],\"inLanguage\":\"fr-FR\"},{\"@type\":\"Person\",\"@id\":\"https:\\\/\\\/rapport.upcf.ch\\\/#\\\/schema\\\/person\\\/542e2a4e6115a0693bb5a90bbcfb5206\",\"name\":\"admin\",\"image\":{\"@type\":\"ImageObject\",\"inLanguage\":\"fr-FR\",\"@id\":\"https:\\\/\\\/secure.gravatar.com\\\/avatar\\\/d0b254d69e3d6eebaf12e170f7f86b9bc7ac1b9583367a5034b36f350ea953d9?s=96&d=mm&r=g\",\"url\":\"https:\\\/\\\/secure.gravatar.com\\\/avatar\\\/d0b254d69e3d6eebaf12e170f7f86b9bc7ac1b9583367a5034b36f350ea953d9?s=96&d=mm&r=g\",\"contentUrl\":\"https:\\\/\\\/secure.gravatar.com\\\/avatar\\\/d0b254d69e3d6eebaf12e170f7f86b9bc7ac1b9583367a5034b36f350ea953d9?s=96&d=mm&r=g\",\"caption\":\"admin\"},\"sameAs\":[\"https:\\\/\\\/rapport.upcf.ch\"],\"url\":\"https:\\\/\\\/rapport.upcf.ch\\\/index.php\\\/author\\\/upcf_tw1iy6nf\\\/\"}]}<\/script>\n<!-- \/ Yoast SEO plugin. -->","yoast_head_json":{"title":"2022 Rapport pr\u00e9sident - Patrick Gendre - FR - Rapport activit\u00e9","robots":{"index":"index","follow":"follow","max-snippet":"max-snippet:-1","max-image-preview":"max-image-preview:large","max-video-preview":"max-video-preview:-1"},"canonical":"https:\/\/rapport.upcf.ch\/index.php\/2022\/11\/23\/rapportpresident2022\/","og_locale":"fr_FR","og_type":"article","og_title":"2022 Rapport pr\u00e9sident - Patrick Gendre - FR - Rapport activit\u00e9","og_description":"Rapport annuel 2022 Rapport du pr\u00e9sident L\u2019ann\u00e9e 2022 restera celle durant laquelle les derni\u00e8res mesures li\u00e9es \u00e0 la pand\u00e9mie de coronavirus ont \u00e9t\u00e9 lev\u00e9es. Une d\u00e9cision prise par les autorit\u00e9s qui a permis de r\u00e9duire la pression sur l\u2019\u00e9conomie mondiale, nationale et locale. Gr\u00e2ce \u00e0 cette suppression progressive des restrictions, les entreprises n\u2019ont plus eu [&hellip;]","og_url":"https:\/\/rapport.upcf.ch\/index.php\/2022\/11\/23\/rapportpresident2022\/","og_site_name":"Rapport activit\u00e9","article_published_time":"2022-11-23T14:28:13+00:00","article_modified_time":"2024-05-23T08:02:39+00:00","og_image":[{"url":"https:\/\/rapport.upcf.ch\/wp-content\/uploads\/2023\/01\/Logo_Rond_OK_Plan-de-travail-1.svg","type":"","width":"","height":""}],"author":"admin","twitter_card":"summary_large_image","twitter_misc":{"\u00c9crit par":"admin","Dur\u00e9e de lecture estim\u00e9e":"5 minutes"},"schema":{"@context":"https:\/\/schema.org","@graph":[{"@type":"Article","@id":"https:\/\/rapport.upcf.ch\/index.php\/2022\/11\/23\/rapportpresident2022\/#article","isPartOf":{"@id":"https:\/\/rapport.upcf.ch\/index.php\/2022\/11\/23\/rapportpresident2022\/"},"author":{"name":"admin","@id":"https:\/\/rapport.upcf.ch\/#\/schema\/person\/542e2a4e6115a0693bb5a90bbcfb5206"},"headline":"2022 Rapport pr\u00e9sident &#8211; Patrick Gendre &#8211; FR","datePublished":"2022-11-23T14:28:13+00:00","dateModified":"2024-05-23T08:02:39+00:00","mainEntityOfPage":{"@id":"https:\/\/rapport.upcf.ch\/index.php\/2022\/11\/23\/rapportpresident2022\/"},"wordCount":833,"commentCount":0,"image":{"@id":"https:\/\/rapport.upcf.ch\/index.php\/2022\/11\/23\/rapportpresident2022\/#primaryimage"},"thumbnailUrl":"https:\/\/rapport.upcf.ch\/wp-content\/uploads\/2023\/01\/Logo_Rond_OK_Plan-de-travail-1.svg","articleSection":["Uncategorized"],"inLanguage":"fr-FR","potentialAction":[{"@type":"CommentAction","name":"Comment","target":["https:\/\/rapport.upcf.ch\/index.php\/2022\/11\/23\/rapportpresident2022\/#respond"]}]},{"@type":"WebPage","@id":"https:\/\/rapport.upcf.ch\/index.php\/2022\/11\/23\/rapportpresident2022\/","url":"https:\/\/rapport.upcf.ch\/index.php\/2022\/11\/23\/rapportpresident2022\/","name":"2022 Rapport pr\u00e9sident - Patrick Gendre - FR - Rapport activit\u00e9","isPartOf":{"@id":"https:\/\/rapport.upcf.ch\/#website"},"primaryImageOfPage":{"@id":"https:\/\/rapport.upcf.ch\/index.php\/2022\/11\/23\/rapportpresident2022\/#primaryimage"},"image":{"@id":"https:\/\/rapport.upcf.ch\/index.php\/2022\/11\/23\/rapportpresident2022\/#primaryimage"},"thumbnailUrl":"https:\/\/rapport.upcf.ch\/wp-content\/uploads\/2023\/01\/Logo_Rond_OK_Plan-de-travail-1.svg","datePublished":"2022-11-23T14:28:13+00:00","dateModified":"2024-05-23T08:02:39+00:00","author":{"@id":"https:\/\/rapport.upcf.ch\/#\/schema\/person\/542e2a4e6115a0693bb5a90bbcfb5206"},"breadcrumb":{"@id":"https:\/\/rapport.upcf.ch\/index.php\/2022\/11\/23\/rapportpresident2022\/#breadcrumb"},"inLanguage":"fr-FR","potentialAction":[{"@type":"ReadAction","target":["https:\/\/rapport.upcf.ch\/index.php\/2022\/11\/23\/rapportpresident2022\/"]}]},{"@type":"ImageObject","inLanguage":"fr-FR","@id":"https:\/\/rapport.upcf.ch\/index.php\/2022\/11\/23\/rapportpresident2022\/#primaryimage","url":"https:\/\/rapport.upcf.ch\/wp-content\/uploads\/2023\/01\/Logo_Rond_OK_Plan-de-travail-1.svg","contentUrl":"https:\/\/rapport.upcf.ch\/wp-content\/uploads\/2023\/01\/Logo_Rond_OK_Plan-de-travail-1.svg","width":595,"height":595},{"@type":"BreadcrumbList","@id":"https:\/\/rapport.upcf.ch\/index.php\/2022\/11\/23\/rapportpresident2022\/#breadcrumb","itemListElement":[{"@type":"ListItem","position":1,"name":"Accueil","item":"https:\/\/rapport.upcf.ch\/"},{"@type":"ListItem","position":2,"name":"2022 Rapport pr\u00e9sident &#8211; Patrick Gendre &#8211; FR"}]},{"@type":"WebSite","@id":"https:\/\/rapport.upcf.ch\/#website","url":"https:\/\/rapport.upcf.ch\/","name":"Rapport activit\u00e9","description":"","potentialAction":[{"@type":"SearchAction","target":{"@type":"EntryPoint","urlTemplate":"https:\/\/rapport.upcf.ch\/?s={search_term_string}"},"query-input":{"@type":"PropertyValueSpecification","valueRequired":true,"valueName":"search_term_string"}}],"inLanguage":"fr-FR"},{"@type":"Person","@id":"https:\/\/rapport.upcf.ch\/#\/schema\/person\/542e2a4e6115a0693bb5a90bbcfb5206","name":"admin","image":{"@type":"ImageObject","inLanguage":"fr-FR","@id":"https:\/\/secure.gravatar.com\/avatar\/d0b254d69e3d6eebaf12e170f7f86b9bc7ac1b9583367a5034b36f350ea953d9?s=96&d=mm&r=g","url":"https:\/\/secure.gravatar.com\/avatar\/d0b254d69e3d6eebaf12e170f7f86b9bc7ac1b9583367a5034b36f350ea953d9?s=96&d=mm&r=g","contentUrl":"https:\/\/secure.gravatar.com\/avatar\/d0b254d69e3d6eebaf12e170f7f86b9bc7ac1b9583367a5034b36f350ea953d9?s=96&d=mm&r=g","caption":"admin"},"sameAs":["https:\/\/rapport.upcf.ch"],"url":"https:\/\/rapport.upcf.ch\/index.php\/author\/upcf_tw1iy6nf\/"}]}},"uagb_featured_image_src":{"full":false,"thumbnail":false,"medium":false,"medium_large":false,"large":false,"1536x1536":false,"2048x2048":false,"ocean-thumb-m":false,"ocean-thumb-ml":false,"ocean-thumb-l":false},"uagb_author_info":{"display_name":"admin","author_link":"https:\/\/rapport.upcf.ch\/index.php\/author\/upcf_tw1iy6nf\/"},"uagb_comment_info":1,"uagb_excerpt":"Rapport annuel 2022 Rapport du pr\u00e9sident L\u2019ann\u00e9e 2022 restera celle durant laquelle les derni\u00e8res mesures li\u00e9es \u00e0 la pand\u00e9mie de coronavirus ont \u00e9t\u00e9 lev\u00e9es. Une d\u00e9cision prise par les autorit\u00e9s qui a permis de r\u00e9duire la pression sur l\u2019\u00e9conomie mondiale, nationale et locale. Gr\u00e2ce \u00e0 cette suppression progressive des restrictions, les entreprises n\u2019ont plus eu\u2026","_links":{"self":[{"href":"https:\/\/rapport.upcf.ch\/index.php\/wp-json\/wp\/v2\/posts\/1","targetHints":{"allow":["GET"]}}],"collection":[{"href":"https:\/\/rapport.upcf.ch\/index.php\/wp-json\/wp\/v2\/posts"}],"about":[{"href":"https:\/\/rapport.upcf.ch\/index.php\/wp-json\/wp\/v2\/types\/post"}],"author":[{"embeddable":true,"href":"https:\/\/rapport.upcf.ch\/index.php\/wp-json\/wp\/v2\/users\/1"}],"replies":[{"embeddable":true,"href":"https:\/\/rapport.upcf.ch\/index.php\/wp-json\/wp\/v2\/comments?post=1"}],"version-history":[{"count":109,"href":"https:\/\/rapport.upcf.ch\/index.php\/wp-json\/wp\/v2\/posts\/1\/revisions"}],"predecessor-version":[{"id":2630,"href":"https:\/\/rapport.upcf.ch\/index.php\/wp-json\/wp\/v2\/posts\/1\/revisions\/2630"}],"wp:attachment":[{"href":"https:\/\/rapport.upcf.ch\/index.php\/wp-json\/wp\/v2\/media?parent=1"}],"wp:term":[{"taxonomy":"category","embeddable":true,"href":"https:\/\/rapport.upcf.ch\/index.php\/wp-json\/wp\/v2\/categories?post=1"},{"taxonomy":"post_tag","embeddable":true,"href":"https:\/\/rapport.upcf.ch\/index.php\/wp-json\/wp\/v2\/tags?post=1"}],"curies":[{"name":"wp","href":"https:\/\/api.w.org\/{rel}","templated":true}]}}