{"id":1933,"date":"2023-05-19T07:15:50","date_gmt":"2023-05-19T07:15:50","guid":{"rendered":"http:\/\/rapport.upcf.netmanage-dev.ch\/?p=1933"},"modified":"2024-05-23T08:07:04","modified_gmt":"2024-05-23T08:07:04","slug":"berichtdesprasidenten2022","status":"publish","type":"post","link":"https:\/\/rapport.upcf.ch\/index.php\/de\/2023\/05\/19\/berichtdesprasidenten2022\/","title":{"rendered":"2022 Rapport pr\u00e9sident &#8211; Patrick Gendre &#8211; DE"},"content":{"rendered":"\t\t<div data-elementor-type=\"wp-post\" data-elementor-id=\"1933\" class=\"elementor elementor-1933\" data-elementor-post-type=\"post\">\n\t\t\t\t\t\t<section class=\"elementor-section elementor-top-section elementor-element elementor-element-464062b elementor-section-height-min-height elementor-section-boxed elementor-section-height-default elementor-section-items-middle\" data-id=\"464062b\" data-element_type=\"section\" data-e-type=\"section\" data-settings=\"{&quot;animation&quot;:&quot;none&quot;,&quot;background_background&quot;:&quot;classic&quot;,&quot;shape_divider_bottom&quot;:&quot;curve&quot;,&quot;shape_divider_bottom_negative&quot;:&quot;yes&quot;}\">\n\t\t\t\t\t\t\t<div class=\"elementor-background-overlay\"><\/div>\n\t\t\t\t\t\t<div class=\"elementor-shape elementor-shape-bottom\" aria-hidden=\"true\" data-negative=\"true\">\n\t\t\t<svg xmlns=\"http:\/\/www.w3.org\/2000\/svg\" viewBox=\"0 0 1000 100\" preserveAspectRatio=\"none\">\n\t<path class=\"elementor-shape-fill\" d=\"M500,97C126.7,96.3,0.8,19.8,0,0v100l1000,0V1C1000,19.4,873.3,97.8,500,97z\"\/>\n<\/svg>\t\t<\/div>\n\t\t\t\t\t<div class=\"elementor-container elementor-column-gap-default\">\n\t\t\t\t\t<div class=\"elementor-column elementor-col-100 elementor-top-column elementor-element elementor-element-bbeaf34\" data-id=\"bbeaf34\" data-element_type=\"column\" data-e-type=\"column\">\n\t\t\t<div class=\"elementor-widget-wrap elementor-element-populated\">\n\t\t\t\t\t\t<div class=\"elementor-element elementor-element-d770cbb elementor-widget elementor-widget-image\" data-id=\"d770cbb\" data-element_type=\"widget\" data-e-type=\"widget\" data-widget_type=\"image.default\">\n\t\t\t\t<div class=\"elementor-widget-container\">\n\t\t\t\t\t\t\t\t\t\t\t\t\t\t\t<img fetchpriority=\"high\" decoding=\"async\" width=\"300\" height=\"300\" src=\"https:\/\/rapport.upcf.ch\/wp-content\/uploads\/2023\/01\/Logo_Rond_OK_Plan-de-travail-1.svg\" class=\"attachment-medium size-medium wp-image-606\" alt=\"\" \/>\t\t\t\t\t\t\t\t\t\t\t\t\t\t\t<\/div>\n\t\t\t\t<\/div>\n\t\t\t\t<div class=\"elementor-element elementor-element-56552cc elementor-invisible elementor-widget elementor-widget-heading\" data-id=\"56552cc\" data-element_type=\"widget\" data-e-type=\"widget\" data-settings=\"{&quot;_animation&quot;:&quot;fadeInLeft&quot;}\" data-widget_type=\"heading.default\">\n\t\t\t\t<div class=\"elementor-widget-container\">\n\t\t\t\t\t<h1 class=\"elementor-heading-title elementor-size-default\">Jahresbericht<\/h1>\t\t\t\t<\/div>\n\t\t\t\t<\/div>\n\t\t\t\t<div class=\"elementor-element elementor-element-bf3996c elementor-invisible elementor-widget elementor-widget-heading\" data-id=\"bf3996c\" data-element_type=\"widget\" data-e-type=\"widget\" data-settings=\"{&quot;_animation&quot;:&quot;fadeInRight&quot;}\" data-widget_type=\"heading.default\">\n\t\t\t\t<div class=\"elementor-widget-container\">\n\t\t\t\t\t<h1 class=\"elementor-heading-title elementor-size-default\">2022<\/h1>\t\t\t\t<\/div>\n\t\t\t\t<\/div>\n\t\t\t\t\t<\/div>\n\t\t<\/div>\n\t\t\t\t\t<\/div>\n\t\t<\/section>\n\t\t\t\t<section class=\"elementor-section elementor-top-section elementor-element elementor-element-5f6ffe52 elementor-section-boxed elementor-section-height-default elementor-section-height-default\" data-id=\"5f6ffe52\" data-element_type=\"section\" data-e-type=\"section\">\n\t\t\t\t\t\t<div class=\"elementor-container elementor-column-gap-default\">\n\t\t\t\t\t<div class=\"elementor-column elementor-col-100 elementor-top-column elementor-element elementor-element-6e1ea24d\" data-id=\"6e1ea24d\" data-element_type=\"column\" data-e-type=\"column\">\n\t\t\t<div class=\"elementor-widget-wrap elementor-element-populated\">\n\t\t\t\t\t\t<div class=\"elementor-element elementor-element-4ea4e8f elementor-widget elementor-widget-spacer\" data-id=\"4ea4e8f\" data-element_type=\"widget\" data-e-type=\"widget\" data-widget_type=\"spacer.default\">\n\t\t\t\t<div class=\"elementor-widget-container\">\n\t\t\t\t\t\t\t<div class=\"elementor-spacer\">\n\t\t\t<div class=\"elementor-spacer-inner\"><\/div>\n\t\t<\/div>\n\t\t\t\t\t\t<\/div>\n\t\t\t\t<\/div>\n\t\t\t\t<div class=\"elementor-element elementor-element-a223fc2 elementor-author-box--layout-image-above elementor-author-box--align-center elementor-widget elementor-widget-author-box\" data-id=\"a223fc2\" data-element_type=\"widget\" data-e-type=\"widget\" data-widget_type=\"author-box.default\">\n\t\t\t\t<div class=\"elementor-widget-container\">\n\t\t\t\t\t\t\t<div class=\"elementor-author-box\">\n\t\t\t\t\t\t\t<div  class=\"elementor-author-box__avatar\">\n\t\t\t\t\t<img decoding=\"async\" src=\"https:\/\/rapport.upcf.ch\/wp-content\/uploads\/2022\/11\/Patrick_Gendre_1-1-300x300.jpg\" alt=\"Image de Patrick Gendre\" loading=\"lazy\">\n\t\t\t\t<\/div>\n\t\t\t\n\t\t\t<div class=\"elementor-author-box__text\">\n\t\t\t\t\t\t\t\t\t<div >\n\t\t\t\t\t\t<h4 class=\"elementor-author-box__name\">\n\t\t\t\t\t\t\tPatrick Gendre\t\t\t\t\t\t<\/h4>\n\t\t\t\t\t<\/div>\n\t\t\t\t\n\t\t\t\t\t\t\t\t\t<div class=\"elementor-author-box__bio\">\n\t\t\t\t\t\t<p>PR\u00c4SIDENT<\/p>\n\t\t\t\t\t<\/div>\n\t\t\t\t\n\t\t\t\t\t\t\t<\/div>\n\t\t<\/div>\n\t\t\t\t\t\t<\/div>\n\t\t\t\t<\/div>\n\t\t\t\t<div class=\"elementor-element elementor-element-64da5a6 elementor-widget-divider--view-line elementor-widget elementor-widget-divider\" data-id=\"64da5a6\" data-element_type=\"widget\" data-e-type=\"widget\" data-widget_type=\"divider.default\">\n\t\t\t\t<div class=\"elementor-widget-container\">\n\t\t\t\t\t\t\t<div class=\"elementor-divider\">\n\t\t\t<span class=\"elementor-divider-separator\">\n\t\t\t\t\t\t<\/span>\n\t\t<\/div>\n\t\t\t\t\t\t<\/div>\n\t\t\t\t<\/div>\n\t\t\t\t<div class=\"elementor-element elementor-element-64d8e0e elementor-widget elementor-widget-heading\" data-id=\"64d8e0e\" data-element_type=\"widget\" data-e-type=\"widget\" data-widget_type=\"heading.default\">\n\t\t\t\t<div class=\"elementor-widget-container\">\n\t\t\t\t\t<h1 class=\"elementor-heading-title elementor-size-default\">Bericht des Pr\u00e4sidenten<\/h1>\t\t\t\t<\/div>\n\t\t\t\t<\/div>\n\t\t\t\t<div class=\"elementor-element elementor-element-43a73fb4 elementor-widget elementor-widget-text-editor\" data-id=\"43a73fb4\" data-element_type=\"widget\" data-e-type=\"widget\" id=\"texterapportpresident\" data-widget_type=\"text-editor.default\">\n\t\t\t\t<div class=\"elementor-widget-container\">\n\t\t\t\t\t\t\t\t\t\n<p>Das Jahr 2022 wird als jenes in Erinnerung bleiben, in dem die Massnahmen im Zusammenhang mit der Corona-Pandemie aufgehoben wurden. Der von den Beh\u00f6rden gef\u00e4llte Entscheid hat es erm\u00f6glicht, den Druck auf die globale, nationale und lokale Wirtschaft abzubauen. Dank der schrittweisen Aufhebung der Einschr\u00e4nkungen mussten die Unternehmen nicht mehr auf staatliche Hilfen zur\u00fcckgreifen, um ihr \u00dcberleben sicherstellen zu k\u00f6nnen: ein positives Signal im Hinblick auf eine R\u00fcckkehr zur Normalit\u00e4t.<\/p>\n<p>Der Ausbruch eines neuen Kriegs in Europa verd\u00fcsterte die Aussichten allerdings sehr rasch. \u00dcber die menschlichen Dramen hinaus, die ein Krieg mit sich bringt, hat die russische Invasion in der Ukraine auch gr\u00f6ssere geopolitische Ver\u00e4nderungen mit sich gebracht. Es brachen Spannungen aus, die man \u00fcberwunden glaubte. Die Folgen dieses Kriegs f\u00fcr unsere Wirtschaft sind massiv, insbesondere in Bezug auf die Versorgung Europas mit fossilen Energietr\u00e4gern. Gleichzeitig betrifft uns der Exodus, der auf den Krieg folgte, ganz direkt und stellt unsere Beh\u00f6rden vor die Herausforderung, die Fl\u00fcchtlinge in die Gesellschaft und in die Wirtschaft zu integrieren. Das darf nicht ausser Acht gelassen werden.<\/p>\n<p>Wie bereits w\u00e4hrend der Pandemie deutlich wurde und durch den Konflikt in der Ukraine noch versch\u00e4rft wurde, beeintr\u00e4chtigen die Schwierigkeiten bei der Beschaffung von G\u00fctern aller Art weiterhin die Gesch\u00e4ftst\u00e4tigkeit unserer Unternehmen. Obwohl die Auftragsb\u00fccher in vielen Branchen voll sind, leiden viele Unternehmen unter verl\u00e4ngerten Lieferfristen und haben daher Schwierigkeiten, ihre Ums\u00e4tze zu realisieren. Auch wenn sie die bestellten Materialien und Rohstoffe endlich erhalten, m\u00fcssen die Unternehmen noch Mitarbeitende finden und sich um den Nachwuchs an qualifizierten Arbeitskr\u00e4ften k\u00fcmmern, um die Arbeiten ausf\u00fchren zu k\u00f6nnen. Personalmangel herrscht vor allem in bestimmten Branchen wie dem Hotel- und Gastst\u00e4ttengewerbe, der IT-Branche und in Berufen, die mit der Energiewende in Zusammenhang stehen. Die durch die Pandemie beschleunigte Ver\u00e4nderung der Arbeitswelt hat die Unternehmen zu Anpassungen gezwungen, potenzielle Mitarbeitende setzen zunehmend auf Teilzeitarbeit oder entscheiden sich sogar f\u00fcr eine berufliche Umorientierung. Die Herausforderung, qualifiziertes Personal zu finden, wird sich k\u00fcnftig weiter stellen, erreichen doch die Baby-Boomer, die in unserer Gesellschaft einen bedeutenden Teil der arbeitst\u00e4tigen Bev\u00f6lkerung ausmachen, nach und nach das Rentenalter. Es erscheint von daher zentral, die Unternehmen dazu anzuregen, Lernende auszubilden. Der Fachpersonalmangel ist denn auch einer der Gr\u00fcnde, die den FAV dazu bringen, mit Nachdruck f\u00fcr die duale Ausbildung einzustehen.<\/p>\n<p>Das zweite Halbjahr 2022 war gepr\u00e4gt von Einschr\u00e4nkungen in der Energieversorgung, die im Land beinahe die Lichter ausgehen liessen. \u00dcber die verbindlichen Massnahmen hinaus hat sich unsere Wirtschaft mit dem Energiewandel vertraut gemacht und ist sich bewusst geworden, wie abh\u00e4ngig wir von gewissen Energieformen sind. F\u00fcr alle ist klar: Wir m\u00fcssen unsere Energieunabh\u00e4ngigkeit verbessern, um eine lokale, vielf\u00e4ltige und nachhaltige Versorgung sicherstellen zu k\u00f6nnen. Parallel dazu sind Bev\u00f6lkerung und Unternehmen gleichermassen aufgefordert, einfache, aber notwendige Sparmassnahmen umzusetzen.<\/p>\n<p>Das Jahr 2022 ging mit einer steigenden Inflation zu Ende, die die gesamte westliche Welt betraf. Die sowohl in den Vereinigten Staaten als auch in Europa getroffenen Massnahmen, mit denen die Inflation bek\u00e4mpft werden sollte, setzen sowohl die Bev\u00f6lkerung als auch die Unternehmen unter Druck: Beide m\u00fcssen Zinserh\u00f6hungen in Kauf nehmen, die ins Gewicht fallen. F\u00fcr die Unternehmen wird die Verl\u00e4ngerung von bestimmten Krediten Auswirkungen auf ihre Gesch\u00e4ftst\u00e4tigkeit und Investitionsf\u00e4higkeit haben.<\/p>\n<p>Trotz der dunklen Wolken am Horizont sind auch positive Signale zu vermelden. Wir leben in einer Zeit der Vollbesch\u00e4ftigung und die Unternehmen haben vermehrt Schwierigkeiten Personal zu rekrutieren, als Gesch\u00e4fte zu t\u00e4tigen. Die Probleme bei der Versorgung mit Rohstoffen und Materialien scheint die Baubranche nicht auszubremsen, die weiterhin ein Schl\u00fcsselindikator f\u00fcr eine gesunde Wirtschaft ist. Auch wenn sich eine ganze Generation darauf vorbereitet in Rente zu geht, sollte das erwartete Bev\u00f6lkerungswachstum die Folgen dieser Situation f\u00fcr den Besch\u00e4ftigungsmarkt abfedern k\u00f6nnen. Mit einer Bev\u00f6lkerung, die ab 2025 die Zahl von 350&rsquo;000 Personen \u00fcberschreiten d\u00fcrfte, kann sich unser Kanton \u00fcber seine Attraktivit\u00e4t freuen.<\/p>\n<p>Die Resilienz der Unternehmen und ihre ausgepr\u00e4gte Anpassungsf\u00e4higkeit wird es ihnen ein weiteres Mal erlauben, die Schwierigkeiten zu \u00fcberwinden. Die wichtige Unterst\u00fctzung von Seiten der Berufsverb\u00e4nde wird es ihnen erm\u00f6glichen, pragmatische und konkrete L\u00f6sungen zu finden. Dar\u00fcber hinaus werden ihnen g\u00fcnstige gesetzliche Rahmenbedingungen, die den Verwaltungsaufwand begrenzen eine grosse Hilfe sein. Genau darauf arbeiten wir im FAV hin.<\/p>\n<p>\u00a0<\/p>\n\t\t\t\t\t\t\t\t<\/div>\n\t\t\t\t<\/div>\n\t\t\t\t<div class=\"elementor-element elementor-element-58c47a3 elementor-align-center elementor-widget elementor-widget-button\" data-id=\"58c47a3\" data-element_type=\"widget\" data-e-type=\"widget\" data-widget_type=\"button.default\">\n\t\t\t\t<div class=\"elementor-widget-container\">\n\t\t\t\t\t\t\t\t\t<div class=\"elementor-button-wrapper\">\n\t\t\t\t\t<a class=\"elementor-button elementor-button-link elementor-size-sm\" href=\"http:\/\/rapport.upcf.ch\/index.php\/de\/rapport-activite-2022-de\/#berichtdesprasidenten2022\">\n\t\t\t\t\t\t<span class=\"elementor-button-content-wrapper\">\n\t\t\t\t\t\t\t\t\t<span class=\"elementor-button-text\">Zur\u00fcck zum Jahresbericht<\/span>\n\t\t\t\t\t<\/span>\n\t\t\t\t\t<\/a>\n\t\t\t\t<\/div>\n\t\t\t\t\t\t\t\t<\/div>\n\t\t\t\t<\/div>\n\t\t\t\t<div class=\"elementor-element elementor-element-020b84b elementor-widget elementor-widget-spacer\" data-id=\"020b84b\" data-element_type=\"widget\" data-e-type=\"widget\" data-widget_type=\"spacer.default\">\n\t\t\t\t<div class=\"elementor-widget-container\">\n\t\t\t\t\t\t\t<div class=\"elementor-spacer\">\n\t\t\t<div class=\"elementor-spacer-inner\"><\/div>\n\t\t<\/div>\n\t\t\t\t\t\t<\/div>\n\t\t\t\t<\/div>\n\t\t\t\t\t<\/div>\n\t\t<\/div>\n\t\t\t\t\t<\/div>\n\t\t<\/section>\n\t\t\t\t<section class=\"elementor-section elementor-top-section elementor-element elementor-element-29d000b7 elementor-section-height-min-height elementor-section-boxed elementor-section-height-default elementor-section-items-middle elementor-invisible\" data-id=\"29d000b7\" data-element_type=\"section\" data-e-type=\"section\" id=\"direction\" data-settings=\"{&quot;animation&quot;:&quot;fadeIn&quot;,&quot;background_background&quot;:&quot;classic&quot;}\">\n\t\t\t\t\t\t\t<div class=\"elementor-background-overlay\"><\/div>\n\t\t\t\t\t\t\t<div class=\"elementor-container elementor-column-gap-default\">\n\t\t\t\t\t<div class=\"elementor-column elementor-col-100 elementor-top-column elementor-element elementor-element-7a95baca\" data-id=\"7a95baca\" data-element_type=\"column\" data-e-type=\"column\">\n\t\t\t<div class=\"elementor-widget-wrap\">\n\t\t\t\t\t\t\t<\/div>\n\t\t<\/div>\n\t\t\t\t\t<\/div>\n\t\t<\/section>\n\t\t\t\t<\/div>\n\t\t","protected":false},"excerpt":{"rendered":"<p>Jahresbericht 2022 Bericht des Pr\u00e4sidenten Das Jahr 2022 wird als jenes in Erinnerung bleiben, in dem die Massnahmen im Zusammenhang mit der Corona-Pandemie aufgehoben wurden. Der von den Beh\u00f6rden gef\u00e4llte Entscheid hat es erm\u00f6glicht, den Druck auf die globale, nationale und lokale Wirtschaft abzubauen. Dank der schrittweisen Aufhebung der Einschr\u00e4nkungen mussten die Unternehmen nicht mehr [&hellip;]<\/p>\n","protected":false},"author":1,"featured_media":0,"comment_status":"open","ping_status":"closed","sticky":false,"template":"","format":"standard","meta":{"_uag_custom_page_level_css":"","footnotes":""},"categories":[18],"tags":[],"class_list":["post-1933","post","type-post","status-publish","format-standard","hentry","category-non-classe-de","entry"],"yoast_head":"<!-- This site is optimized with the Yoast SEO plugin v27.5 - https:\/\/yoast.com\/product\/yoast-seo-wordpress\/ -->\n<title>2022 Rapport pr\u00e9sident - Patrick Gendre - DE - Rapport activit\u00e9<\/title>\n<meta name=\"robots\" content=\"index, follow, max-snippet:-1, max-image-preview:large, max-video-preview:-1\" \/>\n<link rel=\"canonical\" href=\"https:\/\/rapport.upcf.ch\/index.php\/de\/2023\/05\/19\/berichtdesprasidenten2022\/\" \/>\n<meta property=\"og:locale\" content=\"fr_FR\" \/>\n<meta property=\"og:type\" content=\"article\" \/>\n<meta property=\"og:title\" content=\"2022 Rapport pr\u00e9sident - Patrick Gendre - DE - Rapport activit\u00e9\" \/>\n<meta property=\"og:description\" content=\"Jahresbericht 2022 Bericht des Pr\u00e4sidenten Das Jahr 2022 wird als jenes in Erinnerung bleiben, in dem die Massnahmen im Zusammenhang mit der Corona-Pandemie aufgehoben wurden. Der von den Beh\u00f6rden gef\u00e4llte Entscheid hat es erm\u00f6glicht, den Druck auf die globale, nationale und lokale Wirtschaft abzubauen. Dank der schrittweisen Aufhebung der Einschr\u00e4nkungen mussten die Unternehmen nicht mehr [&hellip;]\" \/>\n<meta property=\"og:url\" content=\"https:\/\/rapport.upcf.ch\/index.php\/de\/2023\/05\/19\/berichtdesprasidenten2022\/\" \/>\n<meta property=\"og:site_name\" content=\"Rapport activit\u00e9\" \/>\n<meta property=\"article:published_time\" content=\"2023-05-19T07:15:50+00:00\" \/>\n<meta property=\"article:modified_time\" content=\"2024-05-23T08:07:04+00:00\" \/>\n<meta property=\"og:image\" content=\"https:\/\/rapport.upcf.ch\/wp-content\/uploads\/2023\/01\/Logo_Rond_OK_Plan-de-travail-1.svg\" \/>\n<meta name=\"author\" content=\"admin\" \/>\n<meta name=\"twitter:card\" content=\"summary_large_image\" \/>\n<meta name=\"twitter:label1\" content=\"\u00c9crit par\" \/>\n\t<meta name=\"twitter:data1\" content=\"admin\" \/>\n\t<meta name=\"twitter:label2\" content=\"Dur\u00e9e de lecture estim\u00e9e\" \/>\n\t<meta name=\"twitter:data2\" content=\"4 minutes\" \/>\n<script type=\"application\/ld+json\" class=\"yoast-schema-graph\">{\"@context\":\"https:\\\/\\\/schema.org\",\"@graph\":[{\"@type\":\"Article\",\"@id\":\"https:\\\/\\\/rapport.upcf.ch\\\/index.php\\\/de\\\/2023\\\/05\\\/19\\\/berichtdesprasidenten2022\\\/#article\",\"isPartOf\":{\"@id\":\"https:\\\/\\\/rapport.upcf.ch\\\/index.php\\\/de\\\/2023\\\/05\\\/19\\\/berichtdesprasidenten2022\\\/\"},\"author\":{\"name\":\"admin\",\"@id\":\"https:\\\/\\\/rapport.upcf.ch\\\/#\\\/schema\\\/person\\\/542e2a4e6115a0693bb5a90bbcfb5206\"},\"headline\":\"2022 Rapport pr\u00e9sident &#8211; Patrick Gendre &#8211; DE\",\"datePublished\":\"2023-05-19T07:15:50+00:00\",\"dateModified\":\"2024-05-23T08:07:04+00:00\",\"mainEntityOfPage\":{\"@id\":\"https:\\\/\\\/rapport.upcf.ch\\\/index.php\\\/de\\\/2023\\\/05\\\/19\\\/berichtdesprasidenten2022\\\/\"},\"wordCount\":765,\"commentCount\":0,\"image\":{\"@id\":\"https:\\\/\\\/rapport.upcf.ch\\\/index.php\\\/de\\\/2023\\\/05\\\/19\\\/berichtdesprasidenten2022\\\/#primaryimage\"},\"thumbnailUrl\":\"https:\\\/\\\/rapport.upcf.ch\\\/wp-content\\\/uploads\\\/2023\\\/01\\\/Logo_Rond_OK_Plan-de-travail-1.svg\",\"inLanguage\":\"fr-FR\",\"potentialAction\":[{\"@type\":\"CommentAction\",\"name\":\"Comment\",\"target\":[\"https:\\\/\\\/rapport.upcf.ch\\\/index.php\\\/de\\\/2023\\\/05\\\/19\\\/berichtdesprasidenten2022\\\/#respond\"]}]},{\"@type\":\"WebPage\",\"@id\":\"https:\\\/\\\/rapport.upcf.ch\\\/index.php\\\/de\\\/2023\\\/05\\\/19\\\/berichtdesprasidenten2022\\\/\",\"url\":\"https:\\\/\\\/rapport.upcf.ch\\\/index.php\\\/de\\\/2023\\\/05\\\/19\\\/berichtdesprasidenten2022\\\/\",\"name\":\"2022 Rapport pr\u00e9sident - Patrick Gendre - DE - Rapport activit\u00e9\",\"isPartOf\":{\"@id\":\"https:\\\/\\\/rapport.upcf.ch\\\/#website\"},\"primaryImageOfPage\":{\"@id\":\"https:\\\/\\\/rapport.upcf.ch\\\/index.php\\\/de\\\/2023\\\/05\\\/19\\\/berichtdesprasidenten2022\\\/#primaryimage\"},\"image\":{\"@id\":\"https:\\\/\\\/rapport.upcf.ch\\\/index.php\\\/de\\\/2023\\\/05\\\/19\\\/berichtdesprasidenten2022\\\/#primaryimage\"},\"thumbnailUrl\":\"https:\\\/\\\/rapport.upcf.ch\\\/wp-content\\\/uploads\\\/2023\\\/01\\\/Logo_Rond_OK_Plan-de-travail-1.svg\",\"datePublished\":\"2023-05-19T07:15:50+00:00\",\"dateModified\":\"2024-05-23T08:07:04+00:00\",\"author\":{\"@id\":\"https:\\\/\\\/rapport.upcf.ch\\\/#\\\/schema\\\/person\\\/542e2a4e6115a0693bb5a90bbcfb5206\"},\"breadcrumb\":{\"@id\":\"https:\\\/\\\/rapport.upcf.ch\\\/index.php\\\/de\\\/2023\\\/05\\\/19\\\/berichtdesprasidenten2022\\\/#breadcrumb\"},\"inLanguage\":\"fr-FR\",\"potentialAction\":[{\"@type\":\"ReadAction\",\"target\":[\"https:\\\/\\\/rapport.upcf.ch\\\/index.php\\\/de\\\/2023\\\/05\\\/19\\\/berichtdesprasidenten2022\\\/\"]}]},{\"@type\":\"ImageObject\",\"inLanguage\":\"fr-FR\",\"@id\":\"https:\\\/\\\/rapport.upcf.ch\\\/index.php\\\/de\\\/2023\\\/05\\\/19\\\/berichtdesprasidenten2022\\\/#primaryimage\",\"url\":\"https:\\\/\\\/rapport.upcf.ch\\\/wp-content\\\/uploads\\\/2023\\\/01\\\/Logo_Rond_OK_Plan-de-travail-1.svg\",\"contentUrl\":\"https:\\\/\\\/rapport.upcf.ch\\\/wp-content\\\/uploads\\\/2023\\\/01\\\/Logo_Rond_OK_Plan-de-travail-1.svg\",\"width\":595,\"height\":595},{\"@type\":\"BreadcrumbList\",\"@id\":\"https:\\\/\\\/rapport.upcf.ch\\\/index.php\\\/de\\\/2023\\\/05\\\/19\\\/berichtdesprasidenten2022\\\/#breadcrumb\",\"itemListElement\":[{\"@type\":\"ListItem\",\"position\":1,\"name\":\"Accueil\",\"item\":\"https:\\\/\\\/rapport.upcf.ch\\\/\"},{\"@type\":\"ListItem\",\"position\":2,\"name\":\"2022 Rapport pr\u00e9sident &#8211; Patrick Gendre &#8211; DE\"}]},{\"@type\":\"WebSite\",\"@id\":\"https:\\\/\\\/rapport.upcf.ch\\\/#website\",\"url\":\"https:\\\/\\\/rapport.upcf.ch\\\/\",\"name\":\"Rapport activit\u00e9\",\"description\":\"\",\"potentialAction\":[{\"@type\":\"SearchAction\",\"target\":{\"@type\":\"EntryPoint\",\"urlTemplate\":\"https:\\\/\\\/rapport.upcf.ch\\\/?s={search_term_string}\"},\"query-input\":{\"@type\":\"PropertyValueSpecification\",\"valueRequired\":true,\"valueName\":\"search_term_string\"}}],\"inLanguage\":\"fr-FR\"},{\"@type\":\"Person\",\"@id\":\"https:\\\/\\\/rapport.upcf.ch\\\/#\\\/schema\\\/person\\\/542e2a4e6115a0693bb5a90bbcfb5206\",\"name\":\"admin\",\"image\":{\"@type\":\"ImageObject\",\"inLanguage\":\"fr-FR\",\"@id\":\"https:\\\/\\\/secure.gravatar.com\\\/avatar\\\/d0b254d69e3d6eebaf12e170f7f86b9bc7ac1b9583367a5034b36f350ea953d9?s=96&d=mm&r=g\",\"url\":\"https:\\\/\\\/secure.gravatar.com\\\/avatar\\\/d0b254d69e3d6eebaf12e170f7f86b9bc7ac1b9583367a5034b36f350ea953d9?s=96&d=mm&r=g\",\"contentUrl\":\"https:\\\/\\\/secure.gravatar.com\\\/avatar\\\/d0b254d69e3d6eebaf12e170f7f86b9bc7ac1b9583367a5034b36f350ea953d9?s=96&d=mm&r=g\",\"caption\":\"admin\"},\"sameAs\":[\"https:\\\/\\\/rapport.upcf.ch\"],\"url\":\"https:\\\/\\\/rapport.upcf.ch\\\/index.php\\\/author\\\/upcf_tw1iy6nf\\\/\"}]}<\/script>\n<!-- \/ Yoast SEO plugin. -->","yoast_head_json":{"title":"2022 Rapport pr\u00e9sident - Patrick Gendre - DE - Rapport activit\u00e9","robots":{"index":"index","follow":"follow","max-snippet":"max-snippet:-1","max-image-preview":"max-image-preview:large","max-video-preview":"max-video-preview:-1"},"canonical":"https:\/\/rapport.upcf.ch\/index.php\/de\/2023\/05\/19\/berichtdesprasidenten2022\/","og_locale":"fr_FR","og_type":"article","og_title":"2022 Rapport pr\u00e9sident - Patrick Gendre - DE - Rapport activit\u00e9","og_description":"Jahresbericht 2022 Bericht des Pr\u00e4sidenten Das Jahr 2022 wird als jenes in Erinnerung bleiben, in dem die Massnahmen im Zusammenhang mit der Corona-Pandemie aufgehoben wurden. Der von den Beh\u00f6rden gef\u00e4llte Entscheid hat es erm\u00f6glicht, den Druck auf die globale, nationale und lokale Wirtschaft abzubauen. Dank der schrittweisen Aufhebung der Einschr\u00e4nkungen mussten die Unternehmen nicht mehr [&hellip;]","og_url":"https:\/\/rapport.upcf.ch\/index.php\/de\/2023\/05\/19\/berichtdesprasidenten2022\/","og_site_name":"Rapport activit\u00e9","article_published_time":"2023-05-19T07:15:50+00:00","article_modified_time":"2024-05-23T08:07:04+00:00","og_image":[{"url":"https:\/\/rapport.upcf.ch\/wp-content\/uploads\/2023\/01\/Logo_Rond_OK_Plan-de-travail-1.svg","type":"","width":"","height":""}],"author":"admin","twitter_card":"summary_large_image","twitter_misc":{"\u00c9crit par":"admin","Dur\u00e9e de lecture estim\u00e9e":"4 minutes"},"schema":{"@context":"https:\/\/schema.org","@graph":[{"@type":"Article","@id":"https:\/\/rapport.upcf.ch\/index.php\/de\/2023\/05\/19\/berichtdesprasidenten2022\/#article","isPartOf":{"@id":"https:\/\/rapport.upcf.ch\/index.php\/de\/2023\/05\/19\/berichtdesprasidenten2022\/"},"author":{"name":"admin","@id":"https:\/\/rapport.upcf.ch\/#\/schema\/person\/542e2a4e6115a0693bb5a90bbcfb5206"},"headline":"2022 Rapport pr\u00e9sident &#8211; Patrick Gendre &#8211; DE","datePublished":"2023-05-19T07:15:50+00:00","dateModified":"2024-05-23T08:07:04+00:00","mainEntityOfPage":{"@id":"https:\/\/rapport.upcf.ch\/index.php\/de\/2023\/05\/19\/berichtdesprasidenten2022\/"},"wordCount":765,"commentCount":0,"image":{"@id":"https:\/\/rapport.upcf.ch\/index.php\/de\/2023\/05\/19\/berichtdesprasidenten2022\/#primaryimage"},"thumbnailUrl":"https:\/\/rapport.upcf.ch\/wp-content\/uploads\/2023\/01\/Logo_Rond_OK_Plan-de-travail-1.svg","inLanguage":"fr-FR","potentialAction":[{"@type":"CommentAction","name":"Comment","target":["https:\/\/rapport.upcf.ch\/index.php\/de\/2023\/05\/19\/berichtdesprasidenten2022\/#respond"]}]},{"@type":"WebPage","@id":"https:\/\/rapport.upcf.ch\/index.php\/de\/2023\/05\/19\/berichtdesprasidenten2022\/","url":"https:\/\/rapport.upcf.ch\/index.php\/de\/2023\/05\/19\/berichtdesprasidenten2022\/","name":"2022 Rapport pr\u00e9sident - Patrick Gendre - DE - Rapport activit\u00e9","isPartOf":{"@id":"https:\/\/rapport.upcf.ch\/#website"},"primaryImageOfPage":{"@id":"https:\/\/rapport.upcf.ch\/index.php\/de\/2023\/05\/19\/berichtdesprasidenten2022\/#primaryimage"},"image":{"@id":"https:\/\/rapport.upcf.ch\/index.php\/de\/2023\/05\/19\/berichtdesprasidenten2022\/#primaryimage"},"thumbnailUrl":"https:\/\/rapport.upcf.ch\/wp-content\/uploads\/2023\/01\/Logo_Rond_OK_Plan-de-travail-1.svg","datePublished":"2023-05-19T07:15:50+00:00","dateModified":"2024-05-23T08:07:04+00:00","author":{"@id":"https:\/\/rapport.upcf.ch\/#\/schema\/person\/542e2a4e6115a0693bb5a90bbcfb5206"},"breadcrumb":{"@id":"https:\/\/rapport.upcf.ch\/index.php\/de\/2023\/05\/19\/berichtdesprasidenten2022\/#breadcrumb"},"inLanguage":"fr-FR","potentialAction":[{"@type":"ReadAction","target":["https:\/\/rapport.upcf.ch\/index.php\/de\/2023\/05\/19\/berichtdesprasidenten2022\/"]}]},{"@type":"ImageObject","inLanguage":"fr-FR","@id":"https:\/\/rapport.upcf.ch\/index.php\/de\/2023\/05\/19\/berichtdesprasidenten2022\/#primaryimage","url":"https:\/\/rapport.upcf.ch\/wp-content\/uploads\/2023\/01\/Logo_Rond_OK_Plan-de-travail-1.svg","contentUrl":"https:\/\/rapport.upcf.ch\/wp-content\/uploads\/2023\/01\/Logo_Rond_OK_Plan-de-travail-1.svg","width":595,"height":595},{"@type":"BreadcrumbList","@id":"https:\/\/rapport.upcf.ch\/index.php\/de\/2023\/05\/19\/berichtdesprasidenten2022\/#breadcrumb","itemListElement":[{"@type":"ListItem","position":1,"name":"Accueil","item":"https:\/\/rapport.upcf.ch\/"},{"@type":"ListItem","position":2,"name":"2022 Rapport pr\u00e9sident &#8211; Patrick Gendre &#8211; DE"}]},{"@type":"WebSite","@id":"https:\/\/rapport.upcf.ch\/#website","url":"https:\/\/rapport.upcf.ch\/","name":"Rapport activit\u00e9","description":"","potentialAction":[{"@type":"SearchAction","target":{"@type":"EntryPoint","urlTemplate":"https:\/\/rapport.upcf.ch\/?s={search_term_string}"},"query-input":{"@type":"PropertyValueSpecification","valueRequired":true,"valueName":"search_term_string"}}],"inLanguage":"fr-FR"},{"@type":"Person","@id":"https:\/\/rapport.upcf.ch\/#\/schema\/person\/542e2a4e6115a0693bb5a90bbcfb5206","name":"admin","image":{"@type":"ImageObject","inLanguage":"fr-FR","@id":"https:\/\/secure.gravatar.com\/avatar\/d0b254d69e3d6eebaf12e170f7f86b9bc7ac1b9583367a5034b36f350ea953d9?s=96&d=mm&r=g","url":"https:\/\/secure.gravatar.com\/avatar\/d0b254d69e3d6eebaf12e170f7f86b9bc7ac1b9583367a5034b36f350ea953d9?s=96&d=mm&r=g","contentUrl":"https:\/\/secure.gravatar.com\/avatar\/d0b254d69e3d6eebaf12e170f7f86b9bc7ac1b9583367a5034b36f350ea953d9?s=96&d=mm&r=g","caption":"admin"},"sameAs":["https:\/\/rapport.upcf.ch"],"url":"https:\/\/rapport.upcf.ch\/index.php\/author\/upcf_tw1iy6nf\/"}]}},"uagb_featured_image_src":{"full":false,"thumbnail":false,"medium":false,"medium_large":false,"large":false,"1536x1536":false,"2048x2048":false,"ocean-thumb-m":false,"ocean-thumb-ml":false,"ocean-thumb-l":false},"uagb_author_info":{"display_name":"admin","author_link":"https:\/\/rapport.upcf.ch\/index.php\/author\/upcf_tw1iy6nf\/"},"uagb_comment_info":3,"uagb_excerpt":"Jahresbericht 2022 Bericht des Pr\u00e4sidenten Das Jahr 2022 wird als jenes in Erinnerung bleiben, in dem die Massnahmen im Zusammenhang mit der Corona-Pandemie aufgehoben wurden. Der von den Beh\u00f6rden gef\u00e4llte Entscheid hat es erm\u00f6glicht, den Druck auf die globale, nationale und lokale Wirtschaft abzubauen. Dank der schrittweisen Aufhebung der Einschr\u00e4nkungen mussten die Unternehmen nicht mehr\u2026","_links":{"self":[{"href":"https:\/\/rapport.upcf.ch\/index.php\/wp-json\/wp\/v2\/posts\/1933","targetHints":{"allow":["GET"]}}],"collection":[{"href":"https:\/\/rapport.upcf.ch\/index.php\/wp-json\/wp\/v2\/posts"}],"about":[{"href":"https:\/\/rapport.upcf.ch\/index.php\/wp-json\/wp\/v2\/types\/post"}],"author":[{"embeddable":true,"href":"https:\/\/rapport.upcf.ch\/index.php\/wp-json\/wp\/v2\/users\/1"}],"replies":[{"embeddable":true,"href":"https:\/\/rapport.upcf.ch\/index.php\/wp-json\/wp\/v2\/comments?post=1933"}],"version-history":[{"count":24,"href":"https:\/\/rapport.upcf.ch\/index.php\/wp-json\/wp\/v2\/posts\/1933\/revisions"}],"predecessor-version":[{"id":2643,"href":"https:\/\/rapport.upcf.ch\/index.php\/wp-json\/wp\/v2\/posts\/1933\/revisions\/2643"}],"wp:attachment":[{"href":"https:\/\/rapport.upcf.ch\/index.php\/wp-json\/wp\/v2\/media?parent=1933"}],"wp:term":[{"taxonomy":"category","embeddable":true,"href":"https:\/\/rapport.upcf.ch\/index.php\/wp-json\/wp\/v2\/categories?post=1933"},{"taxonomy":"post_tag","embeddable":true,"href":"https:\/\/rapport.upcf.ch\/index.php\/wp-json\/wp\/v2\/tags?post=1933"}],"curies":[{"name":"wp","href":"https:\/\/api.w.org\/{rel}","templated":true}]}}