{"id":3155,"date":"2025-03-12T13:43:13","date_gmt":"2025-03-12T13:43:13","guid":{"rendered":"http:\/\/rapport.upcf.netmanage-dev.ch\/?p=3155"},"modified":"2025-05-07T09:36:44","modified_gmt":"2025-05-07T09:36:44","slug":"2023-rapport-direction-fr","status":"publish","type":"post","link":"https:\/\/rapport.upcf.ch\/index.php\/2025\/03\/12\/2023-rapport-direction-fr\/","title":{"rendered":"2024 Rapport direction &#8211; FR"},"content":{"rendered":"\t\t<div data-elementor-type=\"wp-post\" data-elementor-id=\"3155\" class=\"elementor elementor-3155\" data-elementor-post-type=\"post\">\n\t\t\t\t\t\t<section class=\"elementor-section elementor-top-section elementor-element elementor-element-e2b9cdc elementor-section-height-min-height elementor-section-boxed elementor-section-height-default elementor-section-items-middle\" data-id=\"e2b9cdc\" data-element_type=\"section\" data-e-type=\"section\" data-settings=\"{&quot;animation&quot;:&quot;none&quot;,&quot;background_background&quot;:&quot;classic&quot;,&quot;shape_divider_bottom&quot;:&quot;curve&quot;,&quot;shape_divider_bottom_negative&quot;:&quot;yes&quot;}\">\n\t\t\t\t\t\t\t<div class=\"elementor-background-overlay\"><\/div>\n\t\t\t\t\t\t<div class=\"elementor-shape elementor-shape-bottom\" aria-hidden=\"true\" data-negative=\"true\">\n\t\t\t<svg xmlns=\"http:\/\/www.w3.org\/2000\/svg\" viewBox=\"0 0 1000 100\" preserveAspectRatio=\"none\">\n\t<path class=\"elementor-shape-fill\" d=\"M500,97C126.7,96.3,0.8,19.8,0,0v100l1000,0V1C1000,19.4,873.3,97.8,500,97z\"\/>\n<\/svg>\t\t<\/div>\n\t\t\t\t\t<div class=\"elementor-container elementor-column-gap-default\">\n\t\t\t\t\t<div class=\"elementor-column elementor-col-100 elementor-top-column elementor-element elementor-element-4bba391\" data-id=\"4bba391\" data-element_type=\"column\" data-e-type=\"column\">\n\t\t\t<div class=\"elementor-widget-wrap elementor-element-populated\">\n\t\t\t\t\t\t<div class=\"elementor-element elementor-element-b622683 elementor-widget elementor-widget-image\" data-id=\"b622683\" data-element_type=\"widget\" data-e-type=\"widget\" data-widget_type=\"image.default\">\n\t\t\t\t<div class=\"elementor-widget-container\">\n\t\t\t\t\t\t\t\t\t\t\t\t\t\t\t<img fetchpriority=\"high\" decoding=\"async\" width=\"300\" height=\"300\" src=\"https:\/\/rapport.upcf.ch\/wp-content\/uploads\/2023\/01\/Logo_Rond_OK_Plan-de-travail-1.svg\" class=\"attachment-medium size-medium wp-image-606\" alt=\"\" \/>\t\t\t\t\t\t\t\t\t\t\t\t\t\t\t<\/div>\n\t\t\t\t<\/div>\n\t\t\t\t<div class=\"elementor-element elementor-element-0389cdf elementor-invisible elementor-widget elementor-widget-heading\" data-id=\"0389cdf\" data-element_type=\"widget\" data-e-type=\"widget\" data-settings=\"{&quot;_animation&quot;:&quot;fadeInLeft&quot;}\" data-widget_type=\"heading.default\">\n\t\t\t\t<div class=\"elementor-widget-container\">\n\t\t\t\t\t<h1 class=\"elementor-heading-title elementor-size-default\">Rapport annuel<\/h1>\t\t\t\t<\/div>\n\t\t\t\t<\/div>\n\t\t\t\t<div class=\"elementor-element elementor-element-298aa93 elementor-invisible elementor-widget elementor-widget-heading\" data-id=\"298aa93\" data-element_type=\"widget\" data-e-type=\"widget\" data-settings=\"{&quot;_animation&quot;:&quot;fadeInRight&quot;}\" data-widget_type=\"heading.default\">\n\t\t\t\t<div class=\"elementor-widget-container\">\n\t\t\t\t\t<h1 class=\"elementor-heading-title elementor-size-default\">2024<\/h1>\t\t\t\t<\/div>\n\t\t\t\t<\/div>\n\t\t\t\t\t<\/div>\n\t\t<\/div>\n\t\t\t\t\t<\/div>\n\t\t<\/section>\n\t\t\t\t<section class=\"elementor-section elementor-top-section elementor-element elementor-element-7dbd34a0 elementor-section-boxed elementor-section-height-default elementor-section-height-default\" data-id=\"7dbd34a0\" data-element_type=\"section\" data-e-type=\"section\">\n\t\t\t\t\t\t<div class=\"elementor-container elementor-column-gap-default\">\n\t\t\t\t\t<div class=\"elementor-column elementor-col-33 elementor-top-column elementor-element elementor-element-18f6639\" data-id=\"18f6639\" data-element_type=\"column\" data-e-type=\"column\">\n\t\t\t<div class=\"elementor-widget-wrap elementor-element-populated\">\n\t\t\t\t\t\t<div class=\"elementor-element elementor-element-218e4b5 elementor-widget elementor-widget-spacer\" data-id=\"218e4b5\" data-element_type=\"widget\" data-e-type=\"widget\" data-widget_type=\"spacer.default\">\n\t\t\t\t<div class=\"elementor-widget-container\">\n\t\t\t\t\t\t\t<div class=\"elementor-spacer\">\n\t\t\t<div class=\"elementor-spacer-inner\"><\/div>\n\t\t<\/div>\n\t\t\t\t\t\t<\/div>\n\t\t\t\t<\/div>\n\t\t\t\t<div class=\"elementor-element elementor-element-44804ef elementor-author-box--layout-image-above elementor-author-box--align-center elementor-widget elementor-widget-author-box\" data-id=\"44804ef\" data-element_type=\"widget\" data-e-type=\"widget\" data-widget_type=\"author-box.default\">\n\t\t\t\t<div class=\"elementor-widget-container\">\n\t\t\t\t\t\t\t<div class=\"elementor-author-box\">\n\t\t\t\t\t\t\t<div  class=\"elementor-author-box__avatar\">\n\t\t\t\t\t<img decoding=\"async\" src=\"https:\/\/rapport.upcf.ch\/wp-content\/uploads\/2023\/01\/Reto_J060521-1100x1584-1-300x300.jpeg\" alt=\"Image de Reto Julmy\" loading=\"lazy\">\n\t\t\t\t<\/div>\n\t\t\t\n\t\t\t<div class=\"elementor-author-box__text\">\n\t\t\t\t\t\t\t\t\t<div >\n\t\t\t\t\t\t<h4 class=\"elementor-author-box__name\">\n\t\t\t\t\t\t\tReto Julmy\t\t\t\t\t\t<\/h4>\n\t\t\t\t\t<\/div>\n\t\t\t\t\n\t\t\t\t\t\t\t\t\t<div class=\"elementor-author-box__bio\">\n\t\t\t\t\t\t<p>DIRECTEUR<\/p>\n\t\t\t\t\t<\/div>\n\t\t\t\t\n\t\t\t\t\t\t\t<\/div>\n\t\t<\/div>\n\t\t\t\t\t\t<\/div>\n\t\t\t\t<\/div>\n\t\t\t\t<div class=\"elementor-element elementor-element-f456868 elementor-widget elementor-widget-spacer\" data-id=\"f456868\" data-element_type=\"widget\" data-e-type=\"widget\" data-widget_type=\"spacer.default\">\n\t\t\t\t<div class=\"elementor-widget-container\">\n\t\t\t\t\t\t\t<div class=\"elementor-spacer\">\n\t\t\t<div class=\"elementor-spacer-inner\"><\/div>\n\t\t<\/div>\n\t\t\t\t\t\t<\/div>\n\t\t\t\t<\/div>\n\t\t\t\t\t<\/div>\n\t\t<\/div>\n\t\t\t\t<div class=\"elementor-column elementor-col-33 elementor-top-column elementor-element elementor-element-2794e338\" data-id=\"2794e338\" data-element_type=\"column\" data-e-type=\"column\">\n\t\t\t<div class=\"elementor-widget-wrap elementor-element-populated\">\n\t\t\t\t\t\t<div class=\"elementor-element elementor-element-1370a75a elementor-widget elementor-widget-spacer\" data-id=\"1370a75a\" data-element_type=\"widget\" data-e-type=\"widget\" data-widget_type=\"spacer.default\">\n\t\t\t\t<div class=\"elementor-widget-container\">\n\t\t\t\t\t\t\t<div class=\"elementor-spacer\">\n\t\t\t<div class=\"elementor-spacer-inner\"><\/div>\n\t\t<\/div>\n\t\t\t\t\t\t<\/div>\n\t\t\t\t<\/div>\n\t\t\t\t<div class=\"elementor-element elementor-element-a2984ce elementor-author-box--layout-image-above elementor-author-box--align-center elementor-widget elementor-widget-author-box\" data-id=\"a2984ce\" data-element_type=\"widget\" data-e-type=\"widget\" data-widget_type=\"author-box.default\">\n\t\t\t\t<div class=\"elementor-widget-container\">\n\t\t\t\t\t\t\t<div class=\"elementor-author-box\">\n\t\t\t\t\t\t\t<div  class=\"elementor-author-box__avatar\">\n\t\t\t\t\t<img decoding=\"async\" src=\"https:\/\/rapport.upcf.ch\/wp-content\/uploads\/2023\/01\/Daniel_B280421_1-1100x1584-1-300x300.jpeg\" alt=\"Image de Daniel B\u00fcrdel\" loading=\"lazy\">\n\t\t\t\t<\/div>\n\t\t\t\n\t\t\t<div class=\"elementor-author-box__text\">\n\t\t\t\t\t\t\t\t\t<div >\n\t\t\t\t\t\t<h4 class=\"elementor-author-box__name\">\n\t\t\t\t\t\t\tDaniel B\u00fcrdel\t\t\t\t\t\t<\/h4>\n\t\t\t\t\t<\/div>\n\t\t\t\t\n\t\t\t\t\t\t\t\t\t<div class=\"elementor-author-box__bio\">\n\t\t\t\t\t\t<p>DIRECTEUR ADJOINT<\/p>\n\t\t\t\t\t<\/div>\n\t\t\t\t\n\t\t\t\t\t\t\t<\/div>\n\t\t<\/div>\n\t\t\t\t\t\t<\/div>\n\t\t\t\t<\/div>\n\t\t\t\t<div class=\"elementor-element elementor-element-6e61c76d elementor-widget elementor-widget-spacer\" data-id=\"6e61c76d\" data-element_type=\"widget\" data-e-type=\"widget\" data-widget_type=\"spacer.default\">\n\t\t\t\t<div class=\"elementor-widget-container\">\n\t\t\t\t\t\t\t<div class=\"elementor-spacer\">\n\t\t\t<div class=\"elementor-spacer-inner\"><\/div>\n\t\t<\/div>\n\t\t\t\t\t\t<\/div>\n\t\t\t\t<\/div>\n\t\t\t\t\t<\/div>\n\t\t<\/div>\n\t\t\t\t<div class=\"elementor-column elementor-col-33 elementor-top-column elementor-element elementor-element-0a627b2\" data-id=\"0a627b2\" data-element_type=\"column\" data-e-type=\"column\">\n\t\t\t<div class=\"elementor-widget-wrap elementor-element-populated\">\n\t\t\t\t\t\t<div class=\"elementor-element elementor-element-484fdac elementor-widget elementor-widget-spacer\" data-id=\"484fdac\" data-element_type=\"widget\" data-e-type=\"widget\" data-widget_type=\"spacer.default\">\n\t\t\t\t<div class=\"elementor-widget-container\">\n\t\t\t\t\t\t\t<div class=\"elementor-spacer\">\n\t\t\t<div class=\"elementor-spacer-inner\"><\/div>\n\t\t<\/div>\n\t\t\t\t\t\t<\/div>\n\t\t\t\t<\/div>\n\t\t\t\t<div class=\"elementor-element elementor-element-0861ba9 elementor-author-box--layout-image-above elementor-author-box--align-center elementor-widget elementor-widget-author-box\" data-id=\"0861ba9\" data-element_type=\"widget\" data-e-type=\"widget\" data-widget_type=\"author-box.default\">\n\t\t\t\t<div class=\"elementor-widget-container\">\n\t\t\t\t\t\t\t<div class=\"elementor-author-box\">\n\t\t\t\t\t\t\t<div  class=\"elementor-author-box__avatar\">\n\t\t\t\t\t<img decoding=\"async\" src=\"https:\/\/rapport.upcf.ch\/wp-content\/uploads\/2023\/01\/Christian_S280421_6-1100x1584-1-300x300.jpeg\" alt=\"Image de Christian Schafer\" loading=\"lazy\">\n\t\t\t\t<\/div>\n\t\t\t\n\t\t\t<div class=\"elementor-author-box__text\">\n\t\t\t\t\t\t\t\t\t<div >\n\t\t\t\t\t\t<h4 class=\"elementor-author-box__name\">\n\t\t\t\t\t\t\tChristian Schafer\t\t\t\t\t\t<\/h4>\n\t\t\t\t\t<\/div>\n\t\t\t\t\n\t\t\t\t\t\t\t\t\t<div class=\"elementor-author-box__bio\">\n\t\t\t\t\t\t<p>DIRECTEUR ADJOINT<\/p>\n\t\t\t\t\t<\/div>\n\t\t\t\t\n\t\t\t\t\t\t\t<\/div>\n\t\t<\/div>\n\t\t\t\t\t\t<\/div>\n\t\t\t\t<\/div>\n\t\t\t\t<div class=\"elementor-element elementor-element-74e9b5a elementor-widget elementor-widget-spacer\" data-id=\"74e9b5a\" data-element_type=\"widget\" data-e-type=\"widget\" data-widget_type=\"spacer.default\">\n\t\t\t\t<div class=\"elementor-widget-container\">\n\t\t\t\t\t\t\t<div class=\"elementor-spacer\">\n\t\t\t<div class=\"elementor-spacer-inner\"><\/div>\n\t\t<\/div>\n\t\t\t\t\t\t<\/div>\n\t\t\t\t<\/div>\n\t\t\t\t\t<\/div>\n\t\t<\/div>\n\t\t\t\t\t<\/div>\n\t\t<\/section>\n\t\t\t\t<section class=\"elementor-section elementor-top-section elementor-element elementor-element-749159a5 elementor-section-boxed elementor-section-height-default elementor-section-height-default\" data-id=\"749159a5\" data-element_type=\"section\" data-e-type=\"section\">\n\t\t\t\t\t\t<div class=\"elementor-container elementor-column-gap-default\">\n\t\t\t\t\t<div class=\"elementor-column elementor-col-100 elementor-top-column elementor-element elementor-element-64f3aaf7\" data-id=\"64f3aaf7\" data-element_type=\"column\" data-e-type=\"column\">\n\t\t\t<div class=\"elementor-widget-wrap elementor-element-populated\">\n\t\t\t\t\t\t<div class=\"elementor-element elementor-element-2614b6c6 elementor-widget-divider--view-line elementor-widget elementor-widget-divider\" data-id=\"2614b6c6\" data-element_type=\"widget\" data-e-type=\"widget\" data-widget_type=\"divider.default\">\n\t\t\t\t<div class=\"elementor-widget-container\">\n\t\t\t\t\t\t\t<div class=\"elementor-divider\">\n\t\t\t<span class=\"elementor-divider-separator\">\n\t\t\t\t\t\t<\/span>\n\t\t<\/div>\n\t\t\t\t\t\t<\/div>\n\t\t\t\t<\/div>\n\t\t\t\t<div class=\"elementor-element elementor-element-475bf8a5 elementor-widget elementor-widget-heading\" data-id=\"475bf8a5\" data-element_type=\"widget\" data-e-type=\"widget\" data-widget_type=\"heading.default\">\n\t\t\t\t<div class=\"elementor-widget-container\">\n\t\t\t\t\t<h1 class=\"elementor-heading-title elementor-size-default\">Rapport de la direction<\/h1>\t\t\t\t<\/div>\n\t\t\t\t<\/div>\n\t\t\t\t<div class=\"elementor-element elementor-element-424f3339 elementor-widget__width-initial elementor-widget elementor-widget-text-editor\" data-id=\"424f3339\" data-element_type=\"widget\" data-e-type=\"widget\" data-widget_type=\"text-editor.default\">\n\t\t\t\t<div class=\"elementor-widget-container\">\n\t\t\t\t\t\t\t\t\t<p>Apr\u00e8s une ann\u00e9e 2023 marqu\u00e9e par une stabilisation progressive de la conjoncture, l\u2019ann\u00e9e 2024 s\u2019inscrit dans un contexte \u00e9conomique incertain, entre inflation mod\u00e9r\u00e9e, pression sur les co\u00fbts de l\u2019\u00e9nergie et adaptation aux nouvelles exigences climatiques et num\u00e9riques. Les entreprises fribourgeoises ont fait face \u00e0 une conjoncture fragile, marqu\u00e9e par des perspectives de croissance limit\u00e9es et des tensions persistantes sur les cha\u00eenes d\u2019approvisionnement. Dans ce cadre, l\u2019Union Patronale du Canton de Fribourg (UPCF) a poursuivi son engagement pour accompagner ses membres face \u00e0 ces d\u00e9fis tout en renfor\u00e7ant son r\u00f4le cl\u00e9 dans la formation professionnelle et continue, levier essentiel pour assurer la comp\u00e9titivit\u00e9 des entreprises locales.<\/p><p>La p\u00e9nurie de main-d\u2019\u0153uvre qualifi\u00e9e demeure une pr\u00e9occupation centrale pour les PME fribourgeoises. Le taux de ch\u00f4mage historiquement bas et la concurrence accrue entre secteurs ainsi qu&rsquo;entre le secteur priv\u00e9 et le secteur public rendent le recrutement complexe. L\u2019UPCF a continu\u00e9 \u00e0 sensibiliser les jeunes, les parents et les entreprises \u00e0 l\u2019importance de la formation duale et de la formation continue. En 2024, plusieurs campagnes de valorisation des m\u00e9tiers ont \u00e9t\u00e9 men\u00e9es en partenariat avec les associations professionnelles afin de favoriser l\u2019attractivit\u00e9 des fili\u00e8res techniques et artisanales.<\/p><p>Le projet du Campus Le Vivier, \u00e0 Villaz-Saint-Pierre, illustre cet engagement durable en faveur de la formation duale. Ce centre, inaugur\u00e9 en novembre 2024 en pr\u00e9sence des autorit\u00e9s cantonales et de repr\u00e9sentant-e-s de l\u2019\u00e9conomie, accueille depuis la rentr\u00e9e d\u2019ao\u00fbt 2024 apprenti-e-s et formateur-trice-s dans un cadre moderne et fonctionnel. L\u2019UPCF est pr\u00e9sente sur place avec une \u00e9quipe d\u00e9di\u00e9e \u00e0 l\u2019accueil et au soutien administratif des associations professionnelles pr\u00e9sentes sur le site. Ce projet confirme le r\u00f4le strat\u00e9gique de l\u2019UPCF dans la promotion de la formation professionnelle dans le canton.<\/p><p><strong>De rencontres en \u00e9v\u00e9nements<\/strong><\/p><p>Le 26 mars 2024, l\u2019UPCF a coorganis\u00e9 avec la F\u00e9d\u00e9ration Patronale et Economique une table ronde in\u00e9dite sur le th\u00e8me \u00abTravail et incapacit\u00e9s: regards crois\u00e9s\u00bb, r\u00e9unissant \u00e0 Forum Fribourg plus de 150 participant-e-s et des intervenant-e-s issu-e-s de diff\u00e9rents milieux, dont le m\u00e9dical, le secteur des assurances et de l\u2019entrepreneuriat. Cette rencontre a permis de mettre en lumi\u00e8re la complexit\u00e9 des situations d\u2019incapacit\u00e9 de travail et l\u2019importance d\u2019une collaboration renforc\u00e9e entre les acteur-trice-s concern\u00e9-e-s. Des pistes concr\u00e8tes ont \u00e9merg\u00e9, telles qu\u2019une communication plus transparente, un meilleur accompagnement des employ\u00e9-e-s et des solutions adapt\u00e9es comme le t\u00e9l\u00e9travail concert\u00e9, illustrant la volont\u00e9 de l\u2019UPCF d\u2019ouvrir des espaces de dialogue sur des enjeux strat\u00e9giques pour les entreprises fribourgeoises.<\/p><p>Le 17 avril 2024 s\u2019est tenue la traditionnelle rencontre annuelle des pr\u00e9sident-e-s d\u2019associations membres de l\u2019UPCF. Ce moment d\u2019\u00e9change privil\u00e9gi\u00e9 a permis de faire le point sur les pr\u00e9occupations des diff\u00e9rents secteurs \u00e9conomiques et de partager des pistes d\u2019actions communes. La conf\u00e9rence d\u2019Alex Geissb\u00fchler, pr\u00e9sident du Conseil d\u2019administration de la BCF, a apport\u00e9 un \u00e9clairage pr\u00e9cieux sur les d\u00e9fis actuels d\u2018une banque de d\u00e9tail et de ses clients PME \u00e0 l\u2018exemple des sanctions \u00e9conomiques . La rencontre s\u2019est poursuivie par un repas convivial, renfor\u00e7ant les liens entre les membres.<\/p><p>La 77e assembl\u00e9e g\u00e9n\u00e9rale de l\u2019UPCF, qui s\u2019est d\u00e9roul\u00e9e le 4 juin 2024 dans la Halle Omnisports Saint-L\u00e9onard, stade de Fribourg Olympic Basket. Cet endroit a \u00e9t\u00e9 choisi pour rendre hommage au fondateur de l\u2019UPCF, Ferdinand Masset, et premier pr\u00e9sident de Fribourg Olympic. La partie statutaire a \u00e9t\u00e9 marqu\u00e9e par la nomination de Johanna Gapany, Conseill\u00e8re aux \u00c9tats et pr\u00e9sidente de Remont\u00e9es M\u00e9caniques Alpes Fribourgeoises (RMAF) au Conseil d\u2019administration de l\u2019UPCF<br \/>La partie officielle de cette assembl\u00e9e g\u00e9n\u00e9rale a \u00e9t\u00e9 ouverte par Jean-Pierre Siggen, pr\u00e9sident du Conseil d\u2019Etat et ancien directeur de l\u2019UPCF, qui a confi\u00e9 se sentir comme \u00ab\u00a0\u00e0 la maison\u00a0\u00bb dans le monde des arts et m\u00e9tiers. Cette partie a \u00e9t\u00e9 marqu\u00e9e par la pr\u00e9sentation du livre \u00ab\u00a0<em>Ferdinand Masset \u2013 50 ans au service de l\u2019\u00e9conomie fribourgeoise\u00a0\u00bb<\/em> par son auteur, l\u2019historien Jean-Pierre Dorand. Il nous a fait d\u00e9couvrir plusieurs facettes d\u2019une personnalit\u00e9 visionnaire et fascinante. <br \/>La soir\u00e9e s\u2019est termin\u00e9e par une intervention de Pascal Joye, pr\u00e9sident de Fribourg Olympic, retra\u00e7ant l\u2019histoire exceptionnelle du club, et une impressionnante d\u00e9monstration en trois contre trois (3&#215;3) par les joueurs de Fribourg Olympic.<\/p><p>La septi\u00e8me \u00e9dition de la Rentr\u00e9e des Entreprises, organis\u00e9e le 22 ao\u00fbt 2024, a une nouvelle fois mis \u00e0 l\u2019honneur les entreprises formatrices exemplaires du canton. En pr\u00e9sence de leurs patron-ne-s et apprenti-e-s, dix entreprises ont \u00e9t\u00e9 r\u00e9compens\u00e9es pour leur engagement en faveur de la rel\u00e8ve. L\u2019invit\u00e9 d\u2019honneur, l\u2019ancien Conseiller f\u00e9d\u00e9ral, Alain Berset, a livr\u00e9 une conf\u00e9rence inspirante sur la gestion de crise et l\u2019importance de l\u2019adaptabilit\u00e9 dans un environnement \u00e9conomique en perp\u00e9tuelle \u00e9volution.<\/p><p><strong>Informations et formations continues<\/strong><\/p><p>La formation continue reste une priorit\u00e9 strat\u00e9gique pour l\u2019UPCF. En 2024, plus de 40 cours ont \u00e9t\u00e9 propos\u00e9s dans les locaux de l\u2019UPCF, \u00e0 la rue de l\u2019H\u00f4pital 15, couvrant des th\u00e8mes vari\u00e9s allant du management aux ressources humaines, en passant par la s\u00e9curit\u00e9, le marketing digital ou encore les comp\u00e9tences sociales. Ces offres ont rencontr\u00e9 un vif succ\u00e8s aupr\u00e8s du public, t\u00e9moignant de l\u2019importance du d\u00e9veloppement continu des comp\u00e9tences face aux d\u00e9fis actuels. De plus, l\u2019UPCF organise, depuis une dizaine d\u2019ann\u00e9es, en partenariat avec Romandie Formation, le brevet f\u00e9d\u00e9ral de sp\u00e9cialiste en gestion de PME. La promotion 2023-2024, qui s\u2019est achev\u00e9e en d\u00e9cembre et confirme l\u2019attractivit\u00e9 de cette formation qui pr\u00e9pare les futur-e-s dirigeant-e-s \u00e0 relever les d\u00e9fis sp\u00e9cifiques des PME fribourgeoises.<\/p><p>Les formations juridiques, dispens\u00e9es en ligne ou en pr\u00e9sentiel, ainsi que les articles publi\u00e9s dans l\u2019Info Patronale ou sur les canaux num\u00e9riques de l\u2019UPCF, permettent aux membres de rester inform\u00e9-e-s des \u00e9volutions l\u00e9gislatives impactant la gestion quotidienne de leurs entreprises. Ce travail de veille et de sensibilisation refl\u00e8te la volont\u00e9 constante de l\u2019UPCF de soutenir ses membres face aux enjeux r\u00e9glementaires et soci\u00e9taux.<\/p><p>Enfin, la direction de l\u2019UPCF tient \u00e0 saluer l\u2019engagement exemplaire de ses collaboratrices et collaborateurs. Fid\u00e8le \u00e0 sa mission, elle encourage activement leur formation continue. Plusieurs d\u2019entre elles et eux ont obtenu ou pr\u00e9parent actuellement des brevets f\u00e9d\u00e9raux, dipl\u00f4mes DAS ou CAS. Cette culture de la formation interne refl\u00e8te les valeurs fondamentales de l\u2019UPCF, qui s\u2019engage \u00e0 les d\u00e9fendre et les promouvoir avec la m\u00eame \u00e9nergie, aujourd\u2019hui et demain.<\/p><p><!-- \/wp:paragraph --><\/p>\t\t\t\t\t\t\t\t<\/div>\n\t\t\t\t<\/div>\n\t\t\t\t<div class=\"elementor-element elementor-element-18a3ca0f elementor-align-center elementor-widget elementor-widget-button\" data-id=\"18a3ca0f\" data-element_type=\"widget\" data-e-type=\"widget\" data-widget_type=\"button.default\">\n\t\t\t\t<div class=\"elementor-widget-container\">\n\t\t\t\t\t\t\t\t\t<div class=\"elementor-button-wrapper\">\n\t\t\t\t\t<a class=\"elementor-button elementor-button-link elementor-size-sm\" href=\"http:\/\/rapport.upcf.ch\/index.php\/rapport-activite-2024-fr\/#direction\">\n\t\t\t\t\t\t<span class=\"elementor-button-content-wrapper\">\n\t\t\t\t\t\t\t\t\t<span class=\"elementor-button-text\">Retour au  rapport annuel<\/span>\n\t\t\t\t\t<\/span>\n\t\t\t\t\t<\/a>\n\t\t\t\t<\/div>\n\t\t\t\t\t\t\t\t<\/div>\n\t\t\t\t<\/div>\n\t\t\t\t<div class=\"elementor-element elementor-element-f2ed2fb elementor-widget elementor-widget-spacer\" data-id=\"f2ed2fb\" data-element_type=\"widget\" data-e-type=\"widget\" data-widget_type=\"spacer.default\">\n\t\t\t\t<div class=\"elementor-widget-container\">\n\t\t\t\t\t\t\t<div class=\"elementor-spacer\">\n\t\t\t<div class=\"elementor-spacer-inner\"><\/div>\n\t\t<\/div>\n\t\t\t\t\t\t<\/div>\n\t\t\t\t<\/div>\n\t\t\t\t<div class=\"elementor-element elementor-element-67ce034d elementor-widget elementor-widget-spacer\" data-id=\"67ce034d\" data-element_type=\"widget\" data-e-type=\"widget\" data-widget_type=\"spacer.default\">\n\t\t\t\t<div class=\"elementor-widget-container\">\n\t\t\t\t\t\t\t<div class=\"elementor-spacer\">\n\t\t\t<div class=\"elementor-spacer-inner\"><\/div>\n\t\t<\/div>\n\t\t\t\t\t\t<\/div>\n\t\t\t\t<\/div>\n\t\t\t\t\t<\/div>\n\t\t<\/div>\n\t\t\t\t\t<\/div>\n\t\t<\/section>\n\t\t\t\t<section class=\"elementor-section elementor-top-section elementor-element elementor-element-6c5dd31 elementor-section-height-min-height elementor-section-boxed elementor-section-height-default elementor-section-items-middle elementor-invisible\" data-id=\"6c5dd31\" data-element_type=\"section\" data-e-type=\"section\" data-settings=\"{&quot;animation&quot;:&quot;fadeIn&quot;,&quot;background_background&quot;:&quot;classic&quot;}\">\n\t\t\t\t\t\t\t<div class=\"elementor-background-overlay\"><\/div>\n\t\t\t\t\t\t\t<div class=\"elementor-container elementor-column-gap-default\">\n\t\t\t\t\t<div class=\"elementor-column elementor-col-100 elementor-top-column elementor-element elementor-element-7db960a\" data-id=\"7db960a\" data-element_type=\"column\" data-e-type=\"column\">\n\t\t\t<div class=\"elementor-widget-wrap\">\n\t\t\t\t\t\t\t<\/div>\n\t\t<\/div>\n\t\t\t\t\t<\/div>\n\t\t<\/section>\n\t\t\t\t<\/div>\n\t\t","protected":false},"excerpt":{"rendered":"<p>Rapport annuel 2024 Rapport de la direction Apr\u00e8s une ann\u00e9e 2023 marqu\u00e9e par une stabilisation progressive de la conjoncture, l\u2019ann\u00e9e 2024 s\u2019inscrit dans un contexte \u00e9conomique incertain, entre inflation mod\u00e9r\u00e9e, pression sur les co\u00fbts de l\u2019\u00e9nergie et adaptation aux nouvelles exigences climatiques et num\u00e9riques. Les entreprises fribourgeoises ont fait face \u00e0 une conjoncture fragile, marqu\u00e9e [&hellip;]<\/p>\n","protected":false},"author":1,"featured_media":0,"comment_status":"open","ping_status":"closed","sticky":false,"template":"","format":"standard","meta":{"_uag_custom_page_level_css":"","footnotes":""},"categories":[1],"tags":[],"class_list":["post-3155","post","type-post","status-publish","format-standard","hentry","category-uncategorized","entry"],"yoast_head":"<!-- This site is optimized with the Yoast SEO plugin v27.5 - https:\/\/yoast.com\/product\/yoast-seo-wordpress\/ -->\n<title>2024 Rapport direction - FR - Rapport activit\u00e9<\/title>\n<meta name=\"robots\" content=\"index, follow, max-snippet:-1, max-image-preview:large, max-video-preview:-1\" \/>\n<link rel=\"canonical\" href=\"https:\/\/rapport.upcf.ch\/index.php\/2025\/03\/12\/2023-rapport-direction-fr\/\" \/>\n<meta property=\"og:locale\" content=\"fr_FR\" \/>\n<meta property=\"og:type\" content=\"article\" \/>\n<meta property=\"og:title\" content=\"2024 Rapport direction - FR - Rapport activit\u00e9\" \/>\n<meta property=\"og:description\" content=\"Rapport annuel 2024 Rapport de la direction Apr\u00e8s une ann\u00e9e 2023 marqu\u00e9e par une stabilisation progressive de la conjoncture, l\u2019ann\u00e9e 2024 s\u2019inscrit dans un contexte \u00e9conomique incertain, entre inflation mod\u00e9r\u00e9e, pression sur les co\u00fbts de l\u2019\u00e9nergie et adaptation aux nouvelles exigences climatiques et num\u00e9riques. Les entreprises fribourgeoises ont fait face \u00e0 une conjoncture fragile, marqu\u00e9e [&hellip;]\" \/>\n<meta property=\"og:url\" content=\"https:\/\/rapport.upcf.ch\/index.php\/2025\/03\/12\/2023-rapport-direction-fr\/\" \/>\n<meta property=\"og:site_name\" content=\"Rapport activit\u00e9\" \/>\n<meta property=\"article:published_time\" content=\"2025-03-12T13:43:13+00:00\" \/>\n<meta property=\"article:modified_time\" content=\"2025-05-07T09:36:44+00:00\" \/>\n<meta property=\"og:image\" content=\"https:\/\/rapport.upcf.ch\/wp-content\/uploads\/2023\/01\/Logo_Rond_OK_Plan-de-travail-1.svg\" \/>\n<meta name=\"author\" content=\"admin\" \/>\n<meta name=\"twitter:card\" content=\"summary_large_image\" \/>\n<meta name=\"twitter:label1\" content=\"\u00c9crit par\" \/>\n\t<meta name=\"twitter:data1\" content=\"admin\" \/>\n\t<meta name=\"twitter:label2\" content=\"Dur\u00e9e de lecture estim\u00e9e\" \/>\n\t<meta name=\"twitter:data2\" content=\"7 minutes\" \/>\n<script type=\"application\/ld+json\" class=\"yoast-schema-graph\">{\"@context\":\"https:\\\/\\\/schema.org\",\"@graph\":[{\"@type\":\"Article\",\"@id\":\"https:\\\/\\\/rapport.upcf.ch\\\/index.php\\\/2025\\\/03\\\/12\\\/2023-rapport-direction-fr\\\/#article\",\"isPartOf\":{\"@id\":\"https:\\\/\\\/rapport.upcf.ch\\\/index.php\\\/2025\\\/03\\\/12\\\/2023-rapport-direction-fr\\\/\"},\"author\":{\"name\":\"admin\",\"@id\":\"https:\\\/\\\/rapport.upcf.ch\\\/#\\\/schema\\\/person\\\/542e2a4e6115a0693bb5a90bbcfb5206\"},\"headline\":\"2024 Rapport direction &#8211; FR\",\"datePublished\":\"2025-03-12T13:43:13+00:00\",\"dateModified\":\"2025-05-07T09:36:44+00:00\",\"mainEntityOfPage\":{\"@id\":\"https:\\\/\\\/rapport.upcf.ch\\\/index.php\\\/2025\\\/03\\\/12\\\/2023-rapport-direction-fr\\\/\"},\"wordCount\":1188,\"commentCount\":0,\"image\":{\"@id\":\"https:\\\/\\\/rapport.upcf.ch\\\/index.php\\\/2025\\\/03\\\/12\\\/2023-rapport-direction-fr\\\/#primaryimage\"},\"thumbnailUrl\":\"https:\\\/\\\/rapport.upcf.ch\\\/wp-content\\\/uploads\\\/2023\\\/01\\\/Logo_Rond_OK_Plan-de-travail-1.svg\",\"articleSection\":[\"Uncategorized\"],\"inLanguage\":\"fr-FR\",\"potentialAction\":[{\"@type\":\"CommentAction\",\"name\":\"Comment\",\"target\":[\"https:\\\/\\\/rapport.upcf.ch\\\/index.php\\\/2025\\\/03\\\/12\\\/2023-rapport-direction-fr\\\/#respond\"]}]},{\"@type\":\"WebPage\",\"@id\":\"https:\\\/\\\/rapport.upcf.ch\\\/index.php\\\/2025\\\/03\\\/12\\\/2023-rapport-direction-fr\\\/\",\"url\":\"https:\\\/\\\/rapport.upcf.ch\\\/index.php\\\/2025\\\/03\\\/12\\\/2023-rapport-direction-fr\\\/\",\"name\":\"2024 Rapport direction - FR - Rapport activit\u00e9\",\"isPartOf\":{\"@id\":\"https:\\\/\\\/rapport.upcf.ch\\\/#website\"},\"primaryImageOfPage\":{\"@id\":\"https:\\\/\\\/rapport.upcf.ch\\\/index.php\\\/2025\\\/03\\\/12\\\/2023-rapport-direction-fr\\\/#primaryimage\"},\"image\":{\"@id\":\"https:\\\/\\\/rapport.upcf.ch\\\/index.php\\\/2025\\\/03\\\/12\\\/2023-rapport-direction-fr\\\/#primaryimage\"},\"thumbnailUrl\":\"https:\\\/\\\/rapport.upcf.ch\\\/wp-content\\\/uploads\\\/2023\\\/01\\\/Logo_Rond_OK_Plan-de-travail-1.svg\",\"datePublished\":\"2025-03-12T13:43:13+00:00\",\"dateModified\":\"2025-05-07T09:36:44+00:00\",\"author\":{\"@id\":\"https:\\\/\\\/rapport.upcf.ch\\\/#\\\/schema\\\/person\\\/542e2a4e6115a0693bb5a90bbcfb5206\"},\"breadcrumb\":{\"@id\":\"https:\\\/\\\/rapport.upcf.ch\\\/index.php\\\/2025\\\/03\\\/12\\\/2023-rapport-direction-fr\\\/#breadcrumb\"},\"inLanguage\":\"fr-FR\",\"potentialAction\":[{\"@type\":\"ReadAction\",\"target\":[\"https:\\\/\\\/rapport.upcf.ch\\\/index.php\\\/2025\\\/03\\\/12\\\/2023-rapport-direction-fr\\\/\"]}]},{\"@type\":\"ImageObject\",\"inLanguage\":\"fr-FR\",\"@id\":\"https:\\\/\\\/rapport.upcf.ch\\\/index.php\\\/2025\\\/03\\\/12\\\/2023-rapport-direction-fr\\\/#primaryimage\",\"url\":\"https:\\\/\\\/rapport.upcf.ch\\\/wp-content\\\/uploads\\\/2023\\\/01\\\/Logo_Rond_OK_Plan-de-travail-1.svg\",\"contentUrl\":\"https:\\\/\\\/rapport.upcf.ch\\\/wp-content\\\/uploads\\\/2023\\\/01\\\/Logo_Rond_OK_Plan-de-travail-1.svg\",\"width\":595,\"height\":595},{\"@type\":\"BreadcrumbList\",\"@id\":\"https:\\\/\\\/rapport.upcf.ch\\\/index.php\\\/2025\\\/03\\\/12\\\/2023-rapport-direction-fr\\\/#breadcrumb\",\"itemListElement\":[{\"@type\":\"ListItem\",\"position\":1,\"name\":\"Accueil\",\"item\":\"https:\\\/\\\/rapport.upcf.ch\\\/\"},{\"@type\":\"ListItem\",\"position\":2,\"name\":\"2024 Rapport direction &#8211; FR\"}]},{\"@type\":\"WebSite\",\"@id\":\"https:\\\/\\\/rapport.upcf.ch\\\/#website\",\"url\":\"https:\\\/\\\/rapport.upcf.ch\\\/\",\"name\":\"Rapport activit\u00e9\",\"description\":\"\",\"potentialAction\":[{\"@type\":\"SearchAction\",\"target\":{\"@type\":\"EntryPoint\",\"urlTemplate\":\"https:\\\/\\\/rapport.upcf.ch\\\/?s={search_term_string}\"},\"query-input\":{\"@type\":\"PropertyValueSpecification\",\"valueRequired\":true,\"valueName\":\"search_term_string\"}}],\"inLanguage\":\"fr-FR\"},{\"@type\":\"Person\",\"@id\":\"https:\\\/\\\/rapport.upcf.ch\\\/#\\\/schema\\\/person\\\/542e2a4e6115a0693bb5a90bbcfb5206\",\"name\":\"admin\",\"image\":{\"@type\":\"ImageObject\",\"inLanguage\":\"fr-FR\",\"@id\":\"https:\\\/\\\/secure.gravatar.com\\\/avatar\\\/d0b254d69e3d6eebaf12e170f7f86b9bc7ac1b9583367a5034b36f350ea953d9?s=96&d=mm&r=g\",\"url\":\"https:\\\/\\\/secure.gravatar.com\\\/avatar\\\/d0b254d69e3d6eebaf12e170f7f86b9bc7ac1b9583367a5034b36f350ea953d9?s=96&d=mm&r=g\",\"contentUrl\":\"https:\\\/\\\/secure.gravatar.com\\\/avatar\\\/d0b254d69e3d6eebaf12e170f7f86b9bc7ac1b9583367a5034b36f350ea953d9?s=96&d=mm&r=g\",\"caption\":\"admin\"},\"sameAs\":[\"https:\\\/\\\/rapport.upcf.ch\"],\"url\":\"https:\\\/\\\/rapport.upcf.ch\\\/index.php\\\/author\\\/upcf_tw1iy6nf\\\/\"}]}<\/script>\n<!-- \/ Yoast SEO plugin. -->","yoast_head_json":{"title":"2024 Rapport direction - FR - Rapport activit\u00e9","robots":{"index":"index","follow":"follow","max-snippet":"max-snippet:-1","max-image-preview":"max-image-preview:large","max-video-preview":"max-video-preview:-1"},"canonical":"https:\/\/rapport.upcf.ch\/index.php\/2025\/03\/12\/2023-rapport-direction-fr\/","og_locale":"fr_FR","og_type":"article","og_title":"2024 Rapport direction - FR - Rapport activit\u00e9","og_description":"Rapport annuel 2024 Rapport de la direction Apr\u00e8s une ann\u00e9e 2023 marqu\u00e9e par une stabilisation progressive de la conjoncture, l\u2019ann\u00e9e 2024 s\u2019inscrit dans un contexte \u00e9conomique incertain, entre inflation mod\u00e9r\u00e9e, pression sur les co\u00fbts de l\u2019\u00e9nergie et adaptation aux nouvelles exigences climatiques et num\u00e9riques. Les entreprises fribourgeoises ont fait face \u00e0 une conjoncture fragile, marqu\u00e9e [&hellip;]","og_url":"https:\/\/rapport.upcf.ch\/index.php\/2025\/03\/12\/2023-rapport-direction-fr\/","og_site_name":"Rapport activit\u00e9","article_published_time":"2025-03-12T13:43:13+00:00","article_modified_time":"2025-05-07T09:36:44+00:00","og_image":[{"url":"https:\/\/rapport.upcf.ch\/wp-content\/uploads\/2023\/01\/Logo_Rond_OK_Plan-de-travail-1.svg","type":"","width":"","height":""}],"author":"admin","twitter_card":"summary_large_image","twitter_misc":{"\u00c9crit par":"admin","Dur\u00e9e de lecture estim\u00e9e":"7 minutes"},"schema":{"@context":"https:\/\/schema.org","@graph":[{"@type":"Article","@id":"https:\/\/rapport.upcf.ch\/index.php\/2025\/03\/12\/2023-rapport-direction-fr\/#article","isPartOf":{"@id":"https:\/\/rapport.upcf.ch\/index.php\/2025\/03\/12\/2023-rapport-direction-fr\/"},"author":{"name":"admin","@id":"https:\/\/rapport.upcf.ch\/#\/schema\/person\/542e2a4e6115a0693bb5a90bbcfb5206"},"headline":"2024 Rapport direction &#8211; FR","datePublished":"2025-03-12T13:43:13+00:00","dateModified":"2025-05-07T09:36:44+00:00","mainEntityOfPage":{"@id":"https:\/\/rapport.upcf.ch\/index.php\/2025\/03\/12\/2023-rapport-direction-fr\/"},"wordCount":1188,"commentCount":0,"image":{"@id":"https:\/\/rapport.upcf.ch\/index.php\/2025\/03\/12\/2023-rapport-direction-fr\/#primaryimage"},"thumbnailUrl":"https:\/\/rapport.upcf.ch\/wp-content\/uploads\/2023\/01\/Logo_Rond_OK_Plan-de-travail-1.svg","articleSection":["Uncategorized"],"inLanguage":"fr-FR","potentialAction":[{"@type":"CommentAction","name":"Comment","target":["https:\/\/rapport.upcf.ch\/index.php\/2025\/03\/12\/2023-rapport-direction-fr\/#respond"]}]},{"@type":"WebPage","@id":"https:\/\/rapport.upcf.ch\/index.php\/2025\/03\/12\/2023-rapport-direction-fr\/","url":"https:\/\/rapport.upcf.ch\/index.php\/2025\/03\/12\/2023-rapport-direction-fr\/","name":"2024 Rapport direction - FR - Rapport activit\u00e9","isPartOf":{"@id":"https:\/\/rapport.upcf.ch\/#website"},"primaryImageOfPage":{"@id":"https:\/\/rapport.upcf.ch\/index.php\/2025\/03\/12\/2023-rapport-direction-fr\/#primaryimage"},"image":{"@id":"https:\/\/rapport.upcf.ch\/index.php\/2025\/03\/12\/2023-rapport-direction-fr\/#primaryimage"},"thumbnailUrl":"https:\/\/rapport.upcf.ch\/wp-content\/uploads\/2023\/01\/Logo_Rond_OK_Plan-de-travail-1.svg","datePublished":"2025-03-12T13:43:13+00:00","dateModified":"2025-05-07T09:36:44+00:00","author":{"@id":"https:\/\/rapport.upcf.ch\/#\/schema\/person\/542e2a4e6115a0693bb5a90bbcfb5206"},"breadcrumb":{"@id":"https:\/\/rapport.upcf.ch\/index.php\/2025\/03\/12\/2023-rapport-direction-fr\/#breadcrumb"},"inLanguage":"fr-FR","potentialAction":[{"@type":"ReadAction","target":["https:\/\/rapport.upcf.ch\/index.php\/2025\/03\/12\/2023-rapport-direction-fr\/"]}]},{"@type":"ImageObject","inLanguage":"fr-FR","@id":"https:\/\/rapport.upcf.ch\/index.php\/2025\/03\/12\/2023-rapport-direction-fr\/#primaryimage","url":"https:\/\/rapport.upcf.ch\/wp-content\/uploads\/2023\/01\/Logo_Rond_OK_Plan-de-travail-1.svg","contentUrl":"https:\/\/rapport.upcf.ch\/wp-content\/uploads\/2023\/01\/Logo_Rond_OK_Plan-de-travail-1.svg","width":595,"height":595},{"@type":"BreadcrumbList","@id":"https:\/\/rapport.upcf.ch\/index.php\/2025\/03\/12\/2023-rapport-direction-fr\/#breadcrumb","itemListElement":[{"@type":"ListItem","position":1,"name":"Accueil","item":"https:\/\/rapport.upcf.ch\/"},{"@type":"ListItem","position":2,"name":"2024 Rapport direction &#8211; FR"}]},{"@type":"WebSite","@id":"https:\/\/rapport.upcf.ch\/#website","url":"https:\/\/rapport.upcf.ch\/","name":"Rapport activit\u00e9","description":"","potentialAction":[{"@type":"SearchAction","target":{"@type":"EntryPoint","urlTemplate":"https:\/\/rapport.upcf.ch\/?s={search_term_string}"},"query-input":{"@type":"PropertyValueSpecification","valueRequired":true,"valueName":"search_term_string"}}],"inLanguage":"fr-FR"},{"@type":"Person","@id":"https:\/\/rapport.upcf.ch\/#\/schema\/person\/542e2a4e6115a0693bb5a90bbcfb5206","name":"admin","image":{"@type":"ImageObject","inLanguage":"fr-FR","@id":"https:\/\/secure.gravatar.com\/avatar\/d0b254d69e3d6eebaf12e170f7f86b9bc7ac1b9583367a5034b36f350ea953d9?s=96&d=mm&r=g","url":"https:\/\/secure.gravatar.com\/avatar\/d0b254d69e3d6eebaf12e170f7f86b9bc7ac1b9583367a5034b36f350ea953d9?s=96&d=mm&r=g","contentUrl":"https:\/\/secure.gravatar.com\/avatar\/d0b254d69e3d6eebaf12e170f7f86b9bc7ac1b9583367a5034b36f350ea953d9?s=96&d=mm&r=g","caption":"admin"},"sameAs":["https:\/\/rapport.upcf.ch"],"url":"https:\/\/rapport.upcf.ch\/index.php\/author\/upcf_tw1iy6nf\/"}]}},"uagb_featured_image_src":{"full":false,"thumbnail":false,"medium":false,"medium_large":false,"large":false,"1536x1536":false,"2048x2048":false,"ocean-thumb-m":false,"ocean-thumb-ml":false,"ocean-thumb-l":false},"uagb_author_info":{"display_name":"admin","author_link":"https:\/\/rapport.upcf.ch\/index.php\/author\/upcf_tw1iy6nf\/"},"uagb_comment_info":3,"uagb_excerpt":"Rapport annuel 2024 Rapport de la direction Apr\u00e8s une ann\u00e9e 2023 marqu\u00e9e par une stabilisation progressive de la conjoncture, l\u2019ann\u00e9e 2024 s\u2019inscrit dans un contexte \u00e9conomique incertain, entre inflation mod\u00e9r\u00e9e, pression sur les co\u00fbts de l\u2019\u00e9nergie et adaptation aux nouvelles exigences climatiques et num\u00e9riques. Les entreprises fribourgeoises ont fait face \u00e0 une conjoncture fragile, marqu\u00e9e\u2026","_links":{"self":[{"href":"https:\/\/rapport.upcf.ch\/index.php\/wp-json\/wp\/v2\/posts\/3155","targetHints":{"allow":["GET"]}}],"collection":[{"href":"https:\/\/rapport.upcf.ch\/index.php\/wp-json\/wp\/v2\/posts"}],"about":[{"href":"https:\/\/rapport.upcf.ch\/index.php\/wp-json\/wp\/v2\/types\/post"}],"author":[{"embeddable":true,"href":"https:\/\/rapport.upcf.ch\/index.php\/wp-json\/wp\/v2\/users\/1"}],"replies":[{"embeddable":true,"href":"https:\/\/rapport.upcf.ch\/index.php\/wp-json\/wp\/v2\/comments?post=3155"}],"version-history":[{"count":24,"href":"https:\/\/rapport.upcf.ch\/index.php\/wp-json\/wp\/v2\/posts\/3155\/revisions"}],"predecessor-version":[{"id":3739,"href":"https:\/\/rapport.upcf.ch\/index.php\/wp-json\/wp\/v2\/posts\/3155\/revisions\/3739"}],"wp:attachment":[{"href":"https:\/\/rapport.upcf.ch\/index.php\/wp-json\/wp\/v2\/media?parent=3155"}],"wp:term":[{"taxonomy":"category","embeddable":true,"href":"https:\/\/rapport.upcf.ch\/index.php\/wp-json\/wp\/v2\/categories?post=3155"},{"taxonomy":"post_tag","embeddable":true,"href":"https:\/\/rapport.upcf.ch\/index.php\/wp-json\/wp\/v2\/tags?post=3155"}],"curies":[{"name":"wp","href":"https:\/\/api.w.org\/{rel}","templated":true}]}}