{"id":3430,"date":"2025-04-08T12:11:59","date_gmt":"2025-04-08T12:11:59","guid":{"rendered":"http:\/\/rapport.upcf.netmanage-dev.ch\/?p=3430"},"modified":"2025-05-07T09:08:32","modified_gmt":"2025-05-07T09:08:32","slug":"2024-rapport-president-patrick-gendre-de","status":"publish","type":"post","link":"https:\/\/rapport.upcf.ch\/index.php\/de\/2025\/04\/08\/2024-rapport-president-patrick-gendre-de\/","title":{"rendered":"2024 Rapport pr\u00e9sident &#8211; Patrick Gendre &#8211; DE"},"content":{"rendered":"\t\t<div data-elementor-type=\"wp-post\" data-elementor-id=\"3430\" class=\"elementor elementor-3430\" data-elementor-post-type=\"post\">\n\t\t\t\t\t\t<section class=\"elementor-section elementor-top-section elementor-element elementor-element-464062b elementor-section-height-min-height elementor-section-boxed elementor-section-height-default elementor-section-items-middle\" data-id=\"464062b\" data-element_type=\"section\" data-e-type=\"section\" data-settings=\"{&quot;animation&quot;:&quot;none&quot;,&quot;background_background&quot;:&quot;classic&quot;,&quot;shape_divider_bottom&quot;:&quot;curve&quot;,&quot;shape_divider_bottom_negative&quot;:&quot;yes&quot;}\">\n\t\t\t\t\t\t\t<div class=\"elementor-background-overlay\"><\/div>\n\t\t\t\t\t\t<div class=\"elementor-shape elementor-shape-bottom\" aria-hidden=\"true\" data-negative=\"true\">\n\t\t\t<svg xmlns=\"http:\/\/www.w3.org\/2000\/svg\" viewBox=\"0 0 1000 100\" preserveAspectRatio=\"none\">\n\t<path class=\"elementor-shape-fill\" d=\"M500,97C126.7,96.3,0.8,19.8,0,0v100l1000,0V1C1000,19.4,873.3,97.8,500,97z\"\/>\n<\/svg>\t\t<\/div>\n\t\t\t\t\t<div class=\"elementor-container elementor-column-gap-default\">\n\t\t\t\t\t<div class=\"elementor-column elementor-col-100 elementor-top-column elementor-element elementor-element-bbeaf34\" data-id=\"bbeaf34\" data-element_type=\"column\" data-e-type=\"column\">\n\t\t\t<div class=\"elementor-widget-wrap elementor-element-populated\">\n\t\t\t\t\t\t<div class=\"elementor-element elementor-element-d770cbb elementor-widget elementor-widget-image\" data-id=\"d770cbb\" data-element_type=\"widget\" data-e-type=\"widget\" data-widget_type=\"image.default\">\n\t\t\t\t<div class=\"elementor-widget-container\">\n\t\t\t\t\t\t\t\t\t\t\t\t\t\t\t<img fetchpriority=\"high\" decoding=\"async\" width=\"300\" height=\"300\" src=\"https:\/\/rapport.upcf.ch\/wp-content\/uploads\/2023\/01\/Logo_Rond_OK_Plan-de-travail-1.svg\" class=\"attachment-medium size-medium wp-image-606\" alt=\"\" \/>\t\t\t\t\t\t\t\t\t\t\t\t\t\t\t<\/div>\n\t\t\t\t<\/div>\n\t\t\t\t<div class=\"elementor-element elementor-element-56552cc elementor-invisible elementor-widget elementor-widget-heading\" data-id=\"56552cc\" data-element_type=\"widget\" data-e-type=\"widget\" data-settings=\"{&quot;_animation&quot;:&quot;fadeInLeft&quot;}\" data-widget_type=\"heading.default\">\n\t\t\t\t<div class=\"elementor-widget-container\">\n\t\t\t\t\t<h1 class=\"elementor-heading-title elementor-size-default\">Jahresbericht<\/h1>\t\t\t\t<\/div>\n\t\t\t\t<\/div>\n\t\t\t\t<div class=\"elementor-element elementor-element-bf3996c elementor-invisible elementor-widget elementor-widget-heading\" data-id=\"bf3996c\" data-element_type=\"widget\" data-e-type=\"widget\" data-settings=\"{&quot;_animation&quot;:&quot;fadeInRight&quot;}\" data-widget_type=\"heading.default\">\n\t\t\t\t<div class=\"elementor-widget-container\">\n\t\t\t\t\t<h1 class=\"elementor-heading-title elementor-size-default\">2024<\/h1>\t\t\t\t<\/div>\n\t\t\t\t<\/div>\n\t\t\t\t\t<\/div>\n\t\t<\/div>\n\t\t\t\t\t<\/div>\n\t\t<\/section>\n\t\t\t\t<section class=\"elementor-section elementor-top-section elementor-element elementor-element-5f6ffe52 elementor-section-boxed elementor-section-height-default elementor-section-height-default\" data-id=\"5f6ffe52\" data-element_type=\"section\" data-e-type=\"section\">\n\t\t\t\t\t\t<div class=\"elementor-container elementor-column-gap-default\">\n\t\t\t\t\t<div class=\"elementor-column elementor-col-100 elementor-top-column elementor-element elementor-element-6e1ea24d\" data-id=\"6e1ea24d\" data-element_type=\"column\" data-e-type=\"column\">\n\t\t\t<div class=\"elementor-widget-wrap elementor-element-populated\">\n\t\t\t\t\t\t<div class=\"elementor-element elementor-element-4ea4e8f elementor-widget elementor-widget-spacer\" data-id=\"4ea4e8f\" data-element_type=\"widget\" data-e-type=\"widget\" data-widget_type=\"spacer.default\">\n\t\t\t\t<div class=\"elementor-widget-container\">\n\t\t\t\t\t\t\t<div class=\"elementor-spacer\">\n\t\t\t<div class=\"elementor-spacer-inner\"><\/div>\n\t\t<\/div>\n\t\t\t\t\t\t<\/div>\n\t\t\t\t<\/div>\n\t\t\t\t<div class=\"elementor-element elementor-element-a223fc2 elementor-author-box--layout-image-above elementor-author-box--align-center elementor-widget elementor-widget-author-box\" data-id=\"a223fc2\" data-element_type=\"widget\" data-e-type=\"widget\" data-widget_type=\"author-box.default\">\n\t\t\t\t<div class=\"elementor-widget-container\">\n\t\t\t\t\t\t\t<div class=\"elementor-author-box\">\n\t\t\t\t\t\t\t<div  class=\"elementor-author-box__avatar\">\n\t\t\t\t\t<img decoding=\"async\" src=\"https:\/\/rapport.upcf.ch\/wp-content\/uploads\/2022\/11\/Patrick_Gendre_1-1-300x300.jpg\" alt=\"Image de Patrick Gendre\" loading=\"lazy\">\n\t\t\t\t<\/div>\n\t\t\t\n\t\t\t<div class=\"elementor-author-box__text\">\n\t\t\t\t\t\t\t\t\t<div >\n\t\t\t\t\t\t<h4 class=\"elementor-author-box__name\">\n\t\t\t\t\t\t\tPatrick Gendre\t\t\t\t\t\t<\/h4>\n\t\t\t\t\t<\/div>\n\t\t\t\t\n\t\t\t\t\t\t\t\t\t<div class=\"elementor-author-box__bio\">\n\t\t\t\t\t\t<p>PR\u00c4SIDENT<\/p>\n\t\t\t\t\t<\/div>\n\t\t\t\t\n\t\t\t\t\t\t\t<\/div>\n\t\t<\/div>\n\t\t\t\t\t\t<\/div>\n\t\t\t\t<\/div>\n\t\t\t\t<div class=\"elementor-element elementor-element-64da5a6 elementor-widget-divider--view-line elementor-widget elementor-widget-divider\" data-id=\"64da5a6\" data-element_type=\"widget\" data-e-type=\"widget\" data-widget_type=\"divider.default\">\n\t\t\t\t<div class=\"elementor-widget-container\">\n\t\t\t\t\t\t\t<div class=\"elementor-divider\">\n\t\t\t<span class=\"elementor-divider-separator\">\n\t\t\t\t\t\t<\/span>\n\t\t<\/div>\n\t\t\t\t\t\t<\/div>\n\t\t\t\t<\/div>\n\t\t\t\t<div class=\"elementor-element elementor-element-64d8e0e elementor-widget elementor-widget-heading\" data-id=\"64d8e0e\" data-element_type=\"widget\" data-e-type=\"widget\" data-widget_type=\"heading.default\">\n\t\t\t\t<div class=\"elementor-widget-container\">\n\t\t\t\t\t<h1 class=\"elementor-heading-title elementor-size-default\">Bericht des Pr\u00e4sidenten<\/h1>\t\t\t\t<\/div>\n\t\t\t\t<\/div>\n\t\t\t\t<div class=\"elementor-element elementor-element-43a73fb4 elementor-widget elementor-widget-text-editor\" data-id=\"43a73fb4\" data-element_type=\"widget\" data-e-type=\"widget\" id=\"texterapportpresident\" data-widget_type=\"text-editor.default\">\n\t\t\t\t<div class=\"elementor-widget-container\">\n\t\t\t\t\t\t\t\t\t<p><span lang=\"DE-CH\">Die Schweiz verzeichnete im Jahr 2024 trotz eines herausfordernden globalen wirtschaftlichen Umfelds ein solides Wachstum. Das Bruttoinlandprodukt (BIP) stieg im letzten Quartal um 0,5% und wuchs im Gesamtjahr um 0,9%. Getragen wurde diese Entwicklung erneut von einem robusten Pharmasektor, dessen Exportleistung die St\u00e4rke der Schweiz in spezialisierten Industriezweigen unterstreicht. Rund die H\u00e4lfte des Wachstums entfiel zudem auf den Dienstleistungssektor. Auff\u00e4llig waren jedoch erhebliche Unterschiede zwischen den Wirtschaftsbranchen, insbesondere die Industrie stagnierte.<\/span><\/p><p><span lang=\"DE-CH\">Eine zentrale Errungenschaft f\u00fcr die Schweiz im Jahr 2024 war die erfolgreiche Steuerung der Inflation. Der starke Schweizer Franken war ein entscheidender Faktor f\u00fcr die Preisstabilit\u00e4t und trug zu einer durchschnittlichen Inflationsrate von lediglich 1,1% bei. Die Schweizerische Nationalbank (SNB) passte ihre Geldpolitik strategisch an, indem sie den Leitzins senkte. Dadurch blieben die Zinss\u00e4tze in der Schweiz unter denen wichtiger Volkswirtschaften wie der USA und der Eurozone. Dieser gezielte geldpolitische Ansatz half dabei, die Inflation zu stabilisieren, die Wettbewerbsf\u00e4higkeit der Schweizer Wirtschaft zu sichern und einer weiteren Aufwertung des Frankens entgegenzuwirken. <\/span><\/p><p><span lang=\"DE-CH\">Die sozialpolitischen Entwicklungen, insbesondere die Umsetzung der 13. AHV-Rente und die darauffolgende Ablehnung der Pr\u00e4mienverbilligungsinitiative, haben die wirtschaftlichen Rahmenbedingungen um eine steuerpolitische Komponente erg\u00e4nzt. Dies d\u00fcrfte die k\u00fcnftigen Staatsausgaben potenziell beeinflussen, auch wenn der Bundesrat derzeit lediglich eine Anhebung des Mehrwertsteuersatzes in Betracht zieht. Die gescheiterte BVG-Revision verhinderte eine Reform des Vorsorgesystems, die besser an die gesellschaftlichen Ver\u00e4nderungen angepasst gewesen w\u00e4re.<\/span><\/p><p><span lang=\"DE-CH\">Die Prognosen f\u00fcr 2025 deuten auf ein h\u00f6heres Wirtschaftswachstum hin, das durch eine sinkende Inflation und niedrigere Zinss\u00e4tze beg\u00fcnstigt wird. Dennoch bleibt die Schweizer Wirtschaft anf\u00e4llig f\u00fcr globale Unsicherheiten. Geopolitische Spannungen und zunehmender Protektionismus stellen erhebliche Risiken f\u00fcr unsere exportorientierte Wirtschaft dar. Daher bleibt die Schweizer Wirtschaft trotz ihrer Widerstandsf\u00e4higkeit stark von der weltwirtschaftlichen Lage abh\u00e4ngig. Seit seinem Amtsantritt sch\u00fcrt der US-Pr\u00e4sident aktiv l\u00e4ngst vergessene Handelsspannungen und droht mit der Wiedereinf\u00fchrung von Z\u00f6llen, die zugunsten der globalen Wirtschaftsentwicklung abgeschafft worden waren. <\/span><\/p><p><span lang=\"DE-CH\">Das Jahr 2024 wird tiefgreifend von einem Europa gepr\u00e4gt bleiben, das durch die aktuellen geopolitischen Umw\u00e4lzungen geschw\u00e4cht erscheint: bewaffnete Konflikte, die Rolle der BRICS-Staaten und die Abkehr Amerikas. Angesichts wirtschaftlicher Stagnation und demografischer Herausforderungen muss sich Europa in den Bereichen Souver\u00e4nit\u00e4t und Sicherheit neu positionieren, um seine Stellung auf der globalen B\u00fchne zu behaupten. Das Modell des Friedens durch Handel und Recht, das die Grundlage des Zusammenhalts bildet, verliert an Einfluss. Frankreich hinkt hinter den Erwartungen zur\u00fcck, w\u00e4hrend Deutschland bereits das zweite Jahr in Folge eine Rezession verzeichnet. Die zentrale Lage der Schweiz verbindet sie unweigerlich mit dieser ungewissen Zukunft. Es ist nicht der Moment, sich von unseren wichtigsten Wirtschaftspartnern abzukoppeln \u2013 insbesondere da der amerikanische Protektionismus auch bei uns negative Auswirkungen haben wird.<\/span><\/p><p><span lang=\"DE-CH\">Eine weitere Herausforderung, der sich unser Land zunehmend stellen muss, ist die demografische Entwicklung. Ob es um die Alterung der Bev\u00f6lkerung oder die Arbeitskr\u00e4fte geht, die hierf\u00fcr erforderlichen L\u00f6sungen sind komplex und bed\u00fcrfen einer breit gef\u00fchrten Diskussion. Seit einigen Monaten ist ein leichter Anstieg der Arbeitslosenquote zu verzeichnen, w\u00e4hrend gleichzeitig der Mangel an qualifizierten Arbeitskr\u00e4ften bestehen bleibt. Die m\u00f6glichen Einschr\u00e4nkungen und wirtschaftlichen Folgen, die eine Annahme der Initiative zur Begrenzung der Gesamtbev\u00f6lkerung auf 10 Millionen Menschen mit sich bringen w\u00fcrde, w\u00e4ren schwerwiegend und k\u00f6nnten die zuk\u00fcnftige Konjunktur beeintr\u00e4chtigen.<\/span><\/p><p><span lang=\"DE-CH\">Im Kanton Freiburg werden sich die kommenden sozial- und wirtschaftspolitischen Diskussionen auf die kantonale Initiative f\u00fcr einen Mindestlohn konzentrieren. Aus verschiedenen Gr\u00fcnden ist es jedoch unwahrscheinlich, dass sie von der Wirtschaft breite Unterst\u00fctzung erh\u00e4lt. <\/span><\/p><p><span lang=\"DE-CH\">Der FAV sieht es als seine Verantwortung, diesen lokalen und globalen Herausforderungen mit Aufmerksamkeit zu begegnen, sie zu analysieren und zu verstehen, um seinen Mitgliedern die bestm\u00f6gliche Unterst\u00fctzung sowie qualitativ hochwertige Dienstleistungen bieten zu k\u00f6nnen. Daf\u00fcr engagieren wir uns beim FAV.<\/span><\/p><p><span lang=\"DE-CH\">Patrick Gendre, Pr\u00e4sident des Verwaltungsrats<\/span><\/p>\t\t\t\t\t\t\t\t<\/div>\n\t\t\t\t<\/div>\n\t\t\t\t<div class=\"elementor-element elementor-element-58c47a3 elementor-align-center elementor-widget elementor-widget-button\" data-id=\"58c47a3\" data-element_type=\"widget\" data-e-type=\"widget\" data-widget_type=\"button.default\">\n\t\t\t\t<div class=\"elementor-widget-container\">\n\t\t\t\t\t\t\t\t\t<div class=\"elementor-button-wrapper\">\n\t\t\t\t\t<a class=\"elementor-button elementor-button-link elementor-size-sm\" href=\"http:\/\/rapport.upcf.ch\/index.php\/de\/rapport-activite-2024-de\/#Verwaltungsrat\">\n\t\t\t\t\t\t<span class=\"elementor-button-content-wrapper\">\n\t\t\t\t\t\t\t\t\t<span class=\"elementor-button-text\">Zur\u00fcck zum Jahresbericht<\/span>\n\t\t\t\t\t<\/span>\n\t\t\t\t\t<\/a>\n\t\t\t\t<\/div>\n\t\t\t\t\t\t\t\t<\/div>\n\t\t\t\t<\/div>\n\t\t\t\t<div class=\"elementor-element elementor-element-020b84b elementor-widget elementor-widget-spacer\" data-id=\"020b84b\" data-element_type=\"widget\" data-e-type=\"widget\" data-widget_type=\"spacer.default\">\n\t\t\t\t<div class=\"elementor-widget-container\">\n\t\t\t\t\t\t\t<div class=\"elementor-spacer\">\n\t\t\t<div class=\"elementor-spacer-inner\"><\/div>\n\t\t<\/div>\n\t\t\t\t\t\t<\/div>\n\t\t\t\t<\/div>\n\t\t\t\t\t<\/div>\n\t\t<\/div>\n\t\t\t\t\t<\/div>\n\t\t<\/section>\n\t\t\t\t<section class=\"elementor-section elementor-top-section elementor-element elementor-element-29d000b7 elementor-section-height-min-height elementor-section-boxed elementor-section-height-default elementor-section-items-middle elementor-invisible\" data-id=\"29d000b7\" data-element_type=\"section\" data-e-type=\"section\" id=\"direction\" data-settings=\"{&quot;animation&quot;:&quot;fadeIn&quot;,&quot;background_background&quot;:&quot;classic&quot;}\">\n\t\t\t\t\t\t\t<div class=\"elementor-background-overlay\"><\/div>\n\t\t\t\t\t\t\t<div class=\"elementor-container elementor-column-gap-default\">\n\t\t\t\t\t<div class=\"elementor-column elementor-col-100 elementor-top-column elementor-element elementor-element-7a95baca\" data-id=\"7a95baca\" data-element_type=\"column\" data-e-type=\"column\">\n\t\t\t<div class=\"elementor-widget-wrap\">\n\t\t\t\t\t\t\t<\/div>\n\t\t<\/div>\n\t\t\t\t\t<\/div>\n\t\t<\/section>\n\t\t\t\t<\/div>\n\t\t","protected":false},"excerpt":{"rendered":"<p>Jahresbericht 2024 Bericht des Pr\u00e4sidenten Die Schweiz verzeichnete im Jahr 2024 trotz eines herausfordernden globalen wirtschaftlichen Umfelds ein solides Wachstum. Das Bruttoinlandprodukt (BIP) stieg im letzten Quartal um 0,5% und wuchs im Gesamtjahr um 0,9%. Getragen wurde diese Entwicklung erneut von einem robusten Pharmasektor, dessen Exportleistung die St\u00e4rke der Schweiz in spezialisierten Industriezweigen unterstreicht. Rund [&hellip;]<\/p>\n","protected":false},"author":1,"featured_media":0,"comment_status":"open","ping_status":"closed","sticky":false,"template":"","format":"standard","meta":{"_uag_custom_page_level_css":"","footnotes":""},"categories":[18],"tags":[],"class_list":["post-3430","post","type-post","status-publish","format-standard","hentry","category-non-classe-de","entry"],"yoast_head":"<!-- This site is optimized with the Yoast SEO plugin v27.5 - https:\/\/yoast.com\/product\/yoast-seo-wordpress\/ -->\n<title>2024 Rapport pr\u00e9sident - Patrick Gendre - DE - Rapport activit\u00e9<\/title>\n<meta name=\"robots\" content=\"index, follow, max-snippet:-1, max-image-preview:large, max-video-preview:-1\" \/>\n<link rel=\"canonical\" href=\"https:\/\/rapport.upcf.ch\/index.php\/de\/2025\/04\/08\/2024-rapport-president-patrick-gendre-de\/\" \/>\n<meta property=\"og:locale\" content=\"fr_FR\" \/>\n<meta property=\"og:type\" content=\"article\" \/>\n<meta property=\"og:title\" content=\"2024 Rapport pr\u00e9sident - Patrick Gendre - DE - Rapport activit\u00e9\" \/>\n<meta property=\"og:description\" content=\"Jahresbericht 2024 Bericht des Pr\u00e4sidenten Die Schweiz verzeichnete im Jahr 2024 trotz eines herausfordernden globalen wirtschaftlichen Umfelds ein solides Wachstum. Das Bruttoinlandprodukt (BIP) stieg im letzten Quartal um 0,5% und wuchs im Gesamtjahr um 0,9%. Getragen wurde diese Entwicklung erneut von einem robusten Pharmasektor, dessen Exportleistung die St\u00e4rke der Schweiz in spezialisierten Industriezweigen unterstreicht. Rund [&hellip;]\" \/>\n<meta property=\"og:url\" content=\"https:\/\/rapport.upcf.ch\/index.php\/de\/2025\/04\/08\/2024-rapport-president-patrick-gendre-de\/\" \/>\n<meta property=\"og:site_name\" content=\"Rapport activit\u00e9\" \/>\n<meta property=\"article:published_time\" content=\"2025-04-08T12:11:59+00:00\" \/>\n<meta property=\"article:modified_time\" content=\"2025-05-07T09:08:32+00:00\" \/>\n<meta property=\"og:image\" content=\"https:\/\/rapport.upcf.ch\/wp-content\/uploads\/2023\/01\/Logo_Rond_OK_Plan-de-travail-1.svg\" \/>\n<meta name=\"author\" content=\"admin\" \/>\n<meta name=\"twitter:card\" content=\"summary_large_image\" \/>\n<meta name=\"twitter:label1\" content=\"\u00c9crit par\" \/>\n\t<meta name=\"twitter:data1\" content=\"admin\" \/>\n\t<meta name=\"twitter:label2\" content=\"Dur\u00e9e de lecture estim\u00e9e\" \/>\n\t<meta name=\"twitter:data2\" content=\"4 minutes\" \/>\n<script type=\"application\/ld+json\" class=\"yoast-schema-graph\">{\"@context\":\"https:\\\/\\\/schema.org\",\"@graph\":[{\"@type\":\"Article\",\"@id\":\"https:\\\/\\\/rapport.upcf.ch\\\/index.php\\\/de\\\/2025\\\/04\\\/08\\\/2024-rapport-president-patrick-gendre-de\\\/#article\",\"isPartOf\":{\"@id\":\"https:\\\/\\\/rapport.upcf.ch\\\/index.php\\\/de\\\/2025\\\/04\\\/08\\\/2024-rapport-president-patrick-gendre-de\\\/\"},\"author\":{\"name\":\"admin\",\"@id\":\"https:\\\/\\\/rapport.upcf.ch\\\/#\\\/schema\\\/person\\\/542e2a4e6115a0693bb5a90bbcfb5206\"},\"headline\":\"2024 Rapport pr\u00e9sident &#8211; Patrick Gendre &#8211; DE\",\"datePublished\":\"2025-04-08T12:11:59+00:00\",\"dateModified\":\"2025-05-07T09:08:32+00:00\",\"mainEntityOfPage\":{\"@id\":\"https:\\\/\\\/rapport.upcf.ch\\\/index.php\\\/de\\\/2025\\\/04\\\/08\\\/2024-rapport-president-patrick-gendre-de\\\/\"},\"wordCount\":664,\"commentCount\":0,\"image\":{\"@id\":\"https:\\\/\\\/rapport.upcf.ch\\\/index.php\\\/de\\\/2025\\\/04\\\/08\\\/2024-rapport-president-patrick-gendre-de\\\/#primaryimage\"},\"thumbnailUrl\":\"https:\\\/\\\/rapport.upcf.ch\\\/wp-content\\\/uploads\\\/2023\\\/01\\\/Logo_Rond_OK_Plan-de-travail-1.svg\",\"inLanguage\":\"fr-FR\",\"potentialAction\":[{\"@type\":\"CommentAction\",\"name\":\"Comment\",\"target\":[\"https:\\\/\\\/rapport.upcf.ch\\\/index.php\\\/de\\\/2025\\\/04\\\/08\\\/2024-rapport-president-patrick-gendre-de\\\/#respond\"]}]},{\"@type\":\"WebPage\",\"@id\":\"https:\\\/\\\/rapport.upcf.ch\\\/index.php\\\/de\\\/2025\\\/04\\\/08\\\/2024-rapport-president-patrick-gendre-de\\\/\",\"url\":\"https:\\\/\\\/rapport.upcf.ch\\\/index.php\\\/de\\\/2025\\\/04\\\/08\\\/2024-rapport-president-patrick-gendre-de\\\/\",\"name\":\"2024 Rapport pr\u00e9sident - Patrick Gendre - DE - Rapport activit\u00e9\",\"isPartOf\":{\"@id\":\"https:\\\/\\\/rapport.upcf.ch\\\/#website\"},\"primaryImageOfPage\":{\"@id\":\"https:\\\/\\\/rapport.upcf.ch\\\/index.php\\\/de\\\/2025\\\/04\\\/08\\\/2024-rapport-president-patrick-gendre-de\\\/#primaryimage\"},\"image\":{\"@id\":\"https:\\\/\\\/rapport.upcf.ch\\\/index.php\\\/de\\\/2025\\\/04\\\/08\\\/2024-rapport-president-patrick-gendre-de\\\/#primaryimage\"},\"thumbnailUrl\":\"https:\\\/\\\/rapport.upcf.ch\\\/wp-content\\\/uploads\\\/2023\\\/01\\\/Logo_Rond_OK_Plan-de-travail-1.svg\",\"datePublished\":\"2025-04-08T12:11:59+00:00\",\"dateModified\":\"2025-05-07T09:08:32+00:00\",\"author\":{\"@id\":\"https:\\\/\\\/rapport.upcf.ch\\\/#\\\/schema\\\/person\\\/542e2a4e6115a0693bb5a90bbcfb5206\"},\"breadcrumb\":{\"@id\":\"https:\\\/\\\/rapport.upcf.ch\\\/index.php\\\/de\\\/2025\\\/04\\\/08\\\/2024-rapport-president-patrick-gendre-de\\\/#breadcrumb\"},\"inLanguage\":\"fr-FR\",\"potentialAction\":[{\"@type\":\"ReadAction\",\"target\":[\"https:\\\/\\\/rapport.upcf.ch\\\/index.php\\\/de\\\/2025\\\/04\\\/08\\\/2024-rapport-president-patrick-gendre-de\\\/\"]}]},{\"@type\":\"ImageObject\",\"inLanguage\":\"fr-FR\",\"@id\":\"https:\\\/\\\/rapport.upcf.ch\\\/index.php\\\/de\\\/2025\\\/04\\\/08\\\/2024-rapport-president-patrick-gendre-de\\\/#primaryimage\",\"url\":\"https:\\\/\\\/rapport.upcf.ch\\\/wp-content\\\/uploads\\\/2023\\\/01\\\/Logo_Rond_OK_Plan-de-travail-1.svg\",\"contentUrl\":\"https:\\\/\\\/rapport.upcf.ch\\\/wp-content\\\/uploads\\\/2023\\\/01\\\/Logo_Rond_OK_Plan-de-travail-1.svg\",\"width\":595,\"height\":595},{\"@type\":\"BreadcrumbList\",\"@id\":\"https:\\\/\\\/rapport.upcf.ch\\\/index.php\\\/de\\\/2025\\\/04\\\/08\\\/2024-rapport-president-patrick-gendre-de\\\/#breadcrumb\",\"itemListElement\":[{\"@type\":\"ListItem\",\"position\":1,\"name\":\"Accueil\",\"item\":\"https:\\\/\\\/rapport.upcf.ch\\\/\"},{\"@type\":\"ListItem\",\"position\":2,\"name\":\"2024 Rapport pr\u00e9sident &#8211; Patrick Gendre &#8211; DE\"}]},{\"@type\":\"WebSite\",\"@id\":\"https:\\\/\\\/rapport.upcf.ch\\\/#website\",\"url\":\"https:\\\/\\\/rapport.upcf.ch\\\/\",\"name\":\"Rapport activit\u00e9\",\"description\":\"\",\"potentialAction\":[{\"@type\":\"SearchAction\",\"target\":{\"@type\":\"EntryPoint\",\"urlTemplate\":\"https:\\\/\\\/rapport.upcf.ch\\\/?s={search_term_string}\"},\"query-input\":{\"@type\":\"PropertyValueSpecification\",\"valueRequired\":true,\"valueName\":\"search_term_string\"}}],\"inLanguage\":\"fr-FR\"},{\"@type\":\"Person\",\"@id\":\"https:\\\/\\\/rapport.upcf.ch\\\/#\\\/schema\\\/person\\\/542e2a4e6115a0693bb5a90bbcfb5206\",\"name\":\"admin\",\"image\":{\"@type\":\"ImageObject\",\"inLanguage\":\"fr-FR\",\"@id\":\"https:\\\/\\\/secure.gravatar.com\\\/avatar\\\/d0b254d69e3d6eebaf12e170f7f86b9bc7ac1b9583367a5034b36f350ea953d9?s=96&d=mm&r=g\",\"url\":\"https:\\\/\\\/secure.gravatar.com\\\/avatar\\\/d0b254d69e3d6eebaf12e170f7f86b9bc7ac1b9583367a5034b36f350ea953d9?s=96&d=mm&r=g\",\"contentUrl\":\"https:\\\/\\\/secure.gravatar.com\\\/avatar\\\/d0b254d69e3d6eebaf12e170f7f86b9bc7ac1b9583367a5034b36f350ea953d9?s=96&d=mm&r=g\",\"caption\":\"admin\"},\"sameAs\":[\"https:\\\/\\\/rapport.upcf.ch\"],\"url\":\"https:\\\/\\\/rapport.upcf.ch\\\/index.php\\\/author\\\/upcf_tw1iy6nf\\\/\"}]}<\/script>\n<!-- \/ Yoast SEO plugin. -->","yoast_head_json":{"title":"2024 Rapport pr\u00e9sident - Patrick Gendre - DE - Rapport activit\u00e9","robots":{"index":"index","follow":"follow","max-snippet":"max-snippet:-1","max-image-preview":"max-image-preview:large","max-video-preview":"max-video-preview:-1"},"canonical":"https:\/\/rapport.upcf.ch\/index.php\/de\/2025\/04\/08\/2024-rapport-president-patrick-gendre-de\/","og_locale":"fr_FR","og_type":"article","og_title":"2024 Rapport pr\u00e9sident - Patrick Gendre - DE - Rapport activit\u00e9","og_description":"Jahresbericht 2024 Bericht des Pr\u00e4sidenten Die Schweiz verzeichnete im Jahr 2024 trotz eines herausfordernden globalen wirtschaftlichen Umfelds ein solides Wachstum. Das Bruttoinlandprodukt (BIP) stieg im letzten Quartal um 0,5% und wuchs im Gesamtjahr um 0,9%. Getragen wurde diese Entwicklung erneut von einem robusten Pharmasektor, dessen Exportleistung die St\u00e4rke der Schweiz in spezialisierten Industriezweigen unterstreicht. Rund [&hellip;]","og_url":"https:\/\/rapport.upcf.ch\/index.php\/de\/2025\/04\/08\/2024-rapport-president-patrick-gendre-de\/","og_site_name":"Rapport activit\u00e9","article_published_time":"2025-04-08T12:11:59+00:00","article_modified_time":"2025-05-07T09:08:32+00:00","og_image":[{"url":"https:\/\/rapport.upcf.ch\/wp-content\/uploads\/2023\/01\/Logo_Rond_OK_Plan-de-travail-1.svg","type":"","width":"","height":""}],"author":"admin","twitter_card":"summary_large_image","twitter_misc":{"\u00c9crit par":"admin","Dur\u00e9e de lecture estim\u00e9e":"4 minutes"},"schema":{"@context":"https:\/\/schema.org","@graph":[{"@type":"Article","@id":"https:\/\/rapport.upcf.ch\/index.php\/de\/2025\/04\/08\/2024-rapport-president-patrick-gendre-de\/#article","isPartOf":{"@id":"https:\/\/rapport.upcf.ch\/index.php\/de\/2025\/04\/08\/2024-rapport-president-patrick-gendre-de\/"},"author":{"name":"admin","@id":"https:\/\/rapport.upcf.ch\/#\/schema\/person\/542e2a4e6115a0693bb5a90bbcfb5206"},"headline":"2024 Rapport pr\u00e9sident &#8211; Patrick Gendre &#8211; DE","datePublished":"2025-04-08T12:11:59+00:00","dateModified":"2025-05-07T09:08:32+00:00","mainEntityOfPage":{"@id":"https:\/\/rapport.upcf.ch\/index.php\/de\/2025\/04\/08\/2024-rapport-president-patrick-gendre-de\/"},"wordCount":664,"commentCount":0,"image":{"@id":"https:\/\/rapport.upcf.ch\/index.php\/de\/2025\/04\/08\/2024-rapport-president-patrick-gendre-de\/#primaryimage"},"thumbnailUrl":"https:\/\/rapport.upcf.ch\/wp-content\/uploads\/2023\/01\/Logo_Rond_OK_Plan-de-travail-1.svg","inLanguage":"fr-FR","potentialAction":[{"@type":"CommentAction","name":"Comment","target":["https:\/\/rapport.upcf.ch\/index.php\/de\/2025\/04\/08\/2024-rapport-president-patrick-gendre-de\/#respond"]}]},{"@type":"WebPage","@id":"https:\/\/rapport.upcf.ch\/index.php\/de\/2025\/04\/08\/2024-rapport-president-patrick-gendre-de\/","url":"https:\/\/rapport.upcf.ch\/index.php\/de\/2025\/04\/08\/2024-rapport-president-patrick-gendre-de\/","name":"2024 Rapport pr\u00e9sident - Patrick Gendre - DE - Rapport activit\u00e9","isPartOf":{"@id":"https:\/\/rapport.upcf.ch\/#website"},"primaryImageOfPage":{"@id":"https:\/\/rapport.upcf.ch\/index.php\/de\/2025\/04\/08\/2024-rapport-president-patrick-gendre-de\/#primaryimage"},"image":{"@id":"https:\/\/rapport.upcf.ch\/index.php\/de\/2025\/04\/08\/2024-rapport-president-patrick-gendre-de\/#primaryimage"},"thumbnailUrl":"https:\/\/rapport.upcf.ch\/wp-content\/uploads\/2023\/01\/Logo_Rond_OK_Plan-de-travail-1.svg","datePublished":"2025-04-08T12:11:59+00:00","dateModified":"2025-05-07T09:08:32+00:00","author":{"@id":"https:\/\/rapport.upcf.ch\/#\/schema\/person\/542e2a4e6115a0693bb5a90bbcfb5206"},"breadcrumb":{"@id":"https:\/\/rapport.upcf.ch\/index.php\/de\/2025\/04\/08\/2024-rapport-president-patrick-gendre-de\/#breadcrumb"},"inLanguage":"fr-FR","potentialAction":[{"@type":"ReadAction","target":["https:\/\/rapport.upcf.ch\/index.php\/de\/2025\/04\/08\/2024-rapport-president-patrick-gendre-de\/"]}]},{"@type":"ImageObject","inLanguage":"fr-FR","@id":"https:\/\/rapport.upcf.ch\/index.php\/de\/2025\/04\/08\/2024-rapport-president-patrick-gendre-de\/#primaryimage","url":"https:\/\/rapport.upcf.ch\/wp-content\/uploads\/2023\/01\/Logo_Rond_OK_Plan-de-travail-1.svg","contentUrl":"https:\/\/rapport.upcf.ch\/wp-content\/uploads\/2023\/01\/Logo_Rond_OK_Plan-de-travail-1.svg","width":595,"height":595},{"@type":"BreadcrumbList","@id":"https:\/\/rapport.upcf.ch\/index.php\/de\/2025\/04\/08\/2024-rapport-president-patrick-gendre-de\/#breadcrumb","itemListElement":[{"@type":"ListItem","position":1,"name":"Accueil","item":"https:\/\/rapport.upcf.ch\/"},{"@type":"ListItem","position":2,"name":"2024 Rapport pr\u00e9sident &#8211; Patrick Gendre &#8211; DE"}]},{"@type":"WebSite","@id":"https:\/\/rapport.upcf.ch\/#website","url":"https:\/\/rapport.upcf.ch\/","name":"Rapport activit\u00e9","description":"","potentialAction":[{"@type":"SearchAction","target":{"@type":"EntryPoint","urlTemplate":"https:\/\/rapport.upcf.ch\/?s={search_term_string}"},"query-input":{"@type":"PropertyValueSpecification","valueRequired":true,"valueName":"search_term_string"}}],"inLanguage":"fr-FR"},{"@type":"Person","@id":"https:\/\/rapport.upcf.ch\/#\/schema\/person\/542e2a4e6115a0693bb5a90bbcfb5206","name":"admin","image":{"@type":"ImageObject","inLanguage":"fr-FR","@id":"https:\/\/secure.gravatar.com\/avatar\/d0b254d69e3d6eebaf12e170f7f86b9bc7ac1b9583367a5034b36f350ea953d9?s=96&d=mm&r=g","url":"https:\/\/secure.gravatar.com\/avatar\/d0b254d69e3d6eebaf12e170f7f86b9bc7ac1b9583367a5034b36f350ea953d9?s=96&d=mm&r=g","contentUrl":"https:\/\/secure.gravatar.com\/avatar\/d0b254d69e3d6eebaf12e170f7f86b9bc7ac1b9583367a5034b36f350ea953d9?s=96&d=mm&r=g","caption":"admin"},"sameAs":["https:\/\/rapport.upcf.ch"],"url":"https:\/\/rapport.upcf.ch\/index.php\/author\/upcf_tw1iy6nf\/"}]}},"uagb_featured_image_src":{"full":false,"thumbnail":false,"medium":false,"medium_large":false,"large":false,"1536x1536":false,"2048x2048":false,"ocean-thumb-m":false,"ocean-thumb-ml":false,"ocean-thumb-l":false},"uagb_author_info":{"display_name":"admin","author_link":"https:\/\/rapport.upcf.ch\/index.php\/author\/upcf_tw1iy6nf\/"},"uagb_comment_info":1,"uagb_excerpt":"Jahresbericht 2024 Bericht des Pr\u00e4sidenten Die Schweiz verzeichnete im Jahr 2024 trotz eines herausfordernden globalen wirtschaftlichen Umfelds ein solides Wachstum. Das Bruttoinlandprodukt (BIP) stieg im letzten Quartal um 0,5% und wuchs im Gesamtjahr um 0,9%. Getragen wurde diese Entwicklung erneut von einem robusten Pharmasektor, dessen Exportleistung die St\u00e4rke der Schweiz in spezialisierten Industriezweigen unterstreicht. Rund\u2026","_links":{"self":[{"href":"https:\/\/rapport.upcf.ch\/index.php\/wp-json\/wp\/v2\/posts\/3430","targetHints":{"allow":["GET"]}}],"collection":[{"href":"https:\/\/rapport.upcf.ch\/index.php\/wp-json\/wp\/v2\/posts"}],"about":[{"href":"https:\/\/rapport.upcf.ch\/index.php\/wp-json\/wp\/v2\/types\/post"}],"author":[{"embeddable":true,"href":"https:\/\/rapport.upcf.ch\/index.php\/wp-json\/wp\/v2\/users\/1"}],"replies":[{"embeddable":true,"href":"https:\/\/rapport.upcf.ch\/index.php\/wp-json\/wp\/v2\/comments?post=3430"}],"version-history":[{"count":58,"href":"https:\/\/rapport.upcf.ch\/index.php\/wp-json\/wp\/v2\/posts\/3430\/revisions"}],"predecessor-version":[{"id":3727,"href":"https:\/\/rapport.upcf.ch\/index.php\/wp-json\/wp\/v2\/posts\/3430\/revisions\/3727"}],"wp:attachment":[{"href":"https:\/\/rapport.upcf.ch\/index.php\/wp-json\/wp\/v2\/media?parent=3430"}],"wp:term":[{"taxonomy":"category","embeddable":true,"href":"https:\/\/rapport.upcf.ch\/index.php\/wp-json\/wp\/v2\/categories?post=3430"},{"taxonomy":"post_tag","embeddable":true,"href":"https:\/\/rapport.upcf.ch\/index.php\/wp-json\/wp\/v2\/tags?post=3430"}],"curies":[{"name":"wp","href":"https:\/\/api.w.org\/{rel}","templated":true}]}}