{"id":3507,"date":"2025-04-30T09:09:30","date_gmt":"2025-04-30T09:09:30","guid":{"rendered":"http:\/\/rapport.upcf.netmanage-dev.ch\/?p=3507"},"modified":"2025-05-07T09:08:01","modified_gmt":"2025-05-07T09:08:01","slug":"2024-rapport-direction-de","status":"publish","type":"post","link":"https:\/\/rapport.upcf.ch\/index.php\/de\/2025\/04\/30\/2024-rapport-direction-de\/","title":{"rendered":"2024 Rapport direction \u2013 DE"},"content":{"rendered":"\t\t<div data-elementor-type=\"wp-post\" data-elementor-id=\"3507\" class=\"elementor elementor-3507\" data-elementor-post-type=\"post\">\n\t\t\t\t\t\t<section class=\"elementor-section elementor-top-section elementor-element elementor-element-9a2b82a elementor-section-height-min-height elementor-section-boxed elementor-section-height-default elementor-section-items-middle\" data-id=\"9a2b82a\" data-element_type=\"section\" data-e-type=\"section\" data-settings=\"{&quot;animation&quot;:&quot;none&quot;,&quot;background_background&quot;:&quot;classic&quot;,&quot;shape_divider_bottom&quot;:&quot;curve&quot;,&quot;shape_divider_bottom_negative&quot;:&quot;yes&quot;}\">\n\t\t\t\t\t\t\t<div class=\"elementor-background-overlay\"><\/div>\n\t\t\t\t\t\t<div class=\"elementor-shape elementor-shape-bottom\" aria-hidden=\"true\" data-negative=\"true\">\n\t\t\t<svg xmlns=\"http:\/\/www.w3.org\/2000\/svg\" viewBox=\"0 0 1000 100\" preserveAspectRatio=\"none\">\n\t<path class=\"elementor-shape-fill\" d=\"M500,97C126.7,96.3,0.8,19.8,0,0v100l1000,0V1C1000,19.4,873.3,97.8,500,97z\"\/>\n<\/svg>\t\t<\/div>\n\t\t\t\t\t<div class=\"elementor-container elementor-column-gap-default\">\n\t\t\t\t\t<div class=\"elementor-column elementor-col-100 elementor-top-column elementor-element elementor-element-d0ea0f7\" data-id=\"d0ea0f7\" data-element_type=\"column\" data-e-type=\"column\">\n\t\t\t<div class=\"elementor-widget-wrap elementor-element-populated\">\n\t\t\t\t\t\t<div class=\"elementor-element elementor-element-76f2367 elementor-widget elementor-widget-image\" data-id=\"76f2367\" data-element_type=\"widget\" data-e-type=\"widget\" data-widget_type=\"image.default\">\n\t\t\t\t<div class=\"elementor-widget-container\">\n\t\t\t\t\t\t\t\t\t\t\t\t\t\t\t<img fetchpriority=\"high\" decoding=\"async\" width=\"300\" height=\"300\" src=\"https:\/\/rapport.upcf.ch\/wp-content\/uploads\/2023\/01\/Logo_Rond_OK_Plan-de-travail-1.svg\" class=\"attachment-medium size-medium wp-image-606\" alt=\"\" \/>\t\t\t\t\t\t\t\t\t\t\t\t\t\t\t<\/div>\n\t\t\t\t<\/div>\n\t\t\t\t<div class=\"elementor-element elementor-element-914d306 elementor-invisible elementor-widget elementor-widget-heading\" data-id=\"914d306\" data-element_type=\"widget\" data-e-type=\"widget\" data-settings=\"{&quot;_animation&quot;:&quot;fadeInLeft&quot;}\" data-widget_type=\"heading.default\">\n\t\t\t\t<div class=\"elementor-widget-container\">\n\t\t\t\t\t<h1 class=\"elementor-heading-title elementor-size-default\">Jahresbericht<\/h1>\t\t\t\t<\/div>\n\t\t\t\t<\/div>\n\t\t\t\t<div class=\"elementor-element elementor-element-f77bac2 elementor-invisible elementor-widget elementor-widget-heading\" data-id=\"f77bac2\" data-element_type=\"widget\" data-e-type=\"widget\" data-settings=\"{&quot;_animation&quot;:&quot;fadeInRight&quot;}\" data-widget_type=\"heading.default\">\n\t\t\t\t<div class=\"elementor-widget-container\">\n\t\t\t\t\t<h1 class=\"elementor-heading-title elementor-size-default\">2024<\/h1>\t\t\t\t<\/div>\n\t\t\t\t<\/div>\n\t\t\t\t\t<\/div>\n\t\t<\/div>\n\t\t\t\t\t<\/div>\n\t\t<\/section>\n\t\t\t\t<section class=\"elementor-section elementor-top-section elementor-element elementor-element-7dbd34a0 elementor-section-boxed elementor-section-height-default elementor-section-height-default\" data-id=\"7dbd34a0\" data-element_type=\"section\" data-e-type=\"section\">\n\t\t\t\t\t\t<div class=\"elementor-container elementor-column-gap-default\">\n\t\t\t\t\t<div class=\"elementor-column elementor-col-33 elementor-top-column elementor-element elementor-element-18f6639\" data-id=\"18f6639\" data-element_type=\"column\" data-e-type=\"column\">\n\t\t\t<div class=\"elementor-widget-wrap elementor-element-populated\">\n\t\t\t\t\t\t<div class=\"elementor-element elementor-element-218e4b5 elementor-widget elementor-widget-spacer\" data-id=\"218e4b5\" data-element_type=\"widget\" data-e-type=\"widget\" data-widget_type=\"spacer.default\">\n\t\t\t\t<div class=\"elementor-widget-container\">\n\t\t\t\t\t\t\t<div class=\"elementor-spacer\">\n\t\t\t<div class=\"elementor-spacer-inner\"><\/div>\n\t\t<\/div>\n\t\t\t\t\t\t<\/div>\n\t\t\t\t<\/div>\n\t\t\t\t<div class=\"elementor-element elementor-element-44804ef elementor-author-box--layout-image-above elementor-author-box--align-center elementor-widget elementor-widget-author-box\" data-id=\"44804ef\" data-element_type=\"widget\" data-e-type=\"widget\" data-widget_type=\"author-box.default\">\n\t\t\t\t<div class=\"elementor-widget-container\">\n\t\t\t\t\t\t\t<div class=\"elementor-author-box\">\n\t\t\t\t\t\t\t<div  class=\"elementor-author-box__avatar\">\n\t\t\t\t\t<img decoding=\"async\" src=\"https:\/\/rapport.upcf.ch\/wp-content\/uploads\/2023\/01\/Reto_J060521-1100x1584-1-300x300.jpeg\" alt=\"Image de Reto Julmy\" loading=\"lazy\">\n\t\t\t\t<\/div>\n\t\t\t\n\t\t\t<div class=\"elementor-author-box__text\">\n\t\t\t\t\t\t\t\t\t<div >\n\t\t\t\t\t\t<h4 class=\"elementor-author-box__name\">\n\t\t\t\t\t\t\tReto Julmy\t\t\t\t\t\t<\/h4>\n\t\t\t\t\t<\/div>\n\t\t\t\t\n\t\t\t\t\t\t\t\t\t<div class=\"elementor-author-box__bio\">\n\t\t\t\t\t\t<p>DIREKTOR<\/p>\n\t\t\t\t\t<\/div>\n\t\t\t\t\n\t\t\t\t\t\t\t<\/div>\n\t\t<\/div>\n\t\t\t\t\t\t<\/div>\n\t\t\t\t<\/div>\n\t\t\t\t<div class=\"elementor-element elementor-element-f456868 elementor-widget elementor-widget-spacer\" data-id=\"f456868\" data-element_type=\"widget\" data-e-type=\"widget\" data-widget_type=\"spacer.default\">\n\t\t\t\t<div class=\"elementor-widget-container\">\n\t\t\t\t\t\t\t<div class=\"elementor-spacer\">\n\t\t\t<div class=\"elementor-spacer-inner\"><\/div>\n\t\t<\/div>\n\t\t\t\t\t\t<\/div>\n\t\t\t\t<\/div>\n\t\t\t\t\t<\/div>\n\t\t<\/div>\n\t\t\t\t<div class=\"elementor-column elementor-col-33 elementor-top-column elementor-element elementor-element-2794e338\" data-id=\"2794e338\" data-element_type=\"column\" data-e-type=\"column\">\n\t\t\t<div class=\"elementor-widget-wrap elementor-element-populated\">\n\t\t\t\t\t\t<div class=\"elementor-element elementor-element-1370a75a elementor-widget elementor-widget-spacer\" data-id=\"1370a75a\" data-element_type=\"widget\" data-e-type=\"widget\" data-widget_type=\"spacer.default\">\n\t\t\t\t<div class=\"elementor-widget-container\">\n\t\t\t\t\t\t\t<div class=\"elementor-spacer\">\n\t\t\t<div class=\"elementor-spacer-inner\"><\/div>\n\t\t<\/div>\n\t\t\t\t\t\t<\/div>\n\t\t\t\t<\/div>\n\t\t\t\t<div class=\"elementor-element elementor-element-a2984ce elementor-author-box--layout-image-above elementor-author-box--align-center elementor-widget elementor-widget-author-box\" data-id=\"a2984ce\" data-element_type=\"widget\" data-e-type=\"widget\" data-widget_type=\"author-box.default\">\n\t\t\t\t<div class=\"elementor-widget-container\">\n\t\t\t\t\t\t\t<div class=\"elementor-author-box\">\n\t\t\t\t\t\t\t<div  class=\"elementor-author-box__avatar\">\n\t\t\t\t\t<img decoding=\"async\" src=\"https:\/\/rapport.upcf.ch\/wp-content\/uploads\/2023\/01\/Daniel_B280421_1-1100x1584-1-300x300.jpeg\" alt=\"Image de Daniel B\u00fcrdel\" loading=\"lazy\">\n\t\t\t\t<\/div>\n\t\t\t\n\t\t\t<div class=\"elementor-author-box__text\">\n\t\t\t\t\t\t\t\t\t<div >\n\t\t\t\t\t\t<h4 class=\"elementor-author-box__name\">\n\t\t\t\t\t\t\tDaniel B\u00fcrdel\t\t\t\t\t\t<\/h4>\n\t\t\t\t\t<\/div>\n\t\t\t\t\n\t\t\t\t\t\t\t\t\t<div class=\"elementor-author-box__bio\">\n\t\t\t\t\t\t<p>STV. DIREKTOR<\/p>\n\t\t\t\t\t<\/div>\n\t\t\t\t\n\t\t\t\t\t\t\t<\/div>\n\t\t<\/div>\n\t\t\t\t\t\t<\/div>\n\t\t\t\t<\/div>\n\t\t\t\t<div class=\"elementor-element elementor-element-6e61c76d elementor-widget elementor-widget-spacer\" data-id=\"6e61c76d\" data-element_type=\"widget\" data-e-type=\"widget\" data-widget_type=\"spacer.default\">\n\t\t\t\t<div class=\"elementor-widget-container\">\n\t\t\t\t\t\t\t<div class=\"elementor-spacer\">\n\t\t\t<div class=\"elementor-spacer-inner\"><\/div>\n\t\t<\/div>\n\t\t\t\t\t\t<\/div>\n\t\t\t\t<\/div>\n\t\t\t\t\t<\/div>\n\t\t<\/div>\n\t\t\t\t<div class=\"elementor-column elementor-col-33 elementor-top-column elementor-element elementor-element-0a627b2\" data-id=\"0a627b2\" data-element_type=\"column\" data-e-type=\"column\">\n\t\t\t<div class=\"elementor-widget-wrap elementor-element-populated\">\n\t\t\t\t\t\t<div class=\"elementor-element elementor-element-484fdac elementor-widget elementor-widget-spacer\" data-id=\"484fdac\" data-element_type=\"widget\" data-e-type=\"widget\" data-widget_type=\"spacer.default\">\n\t\t\t\t<div class=\"elementor-widget-container\">\n\t\t\t\t\t\t\t<div class=\"elementor-spacer\">\n\t\t\t<div class=\"elementor-spacer-inner\"><\/div>\n\t\t<\/div>\n\t\t\t\t\t\t<\/div>\n\t\t\t\t<\/div>\n\t\t\t\t<div class=\"elementor-element elementor-element-0861ba9 elementor-author-box--layout-image-above elementor-author-box--align-center elementor-widget elementor-widget-author-box\" data-id=\"0861ba9\" data-element_type=\"widget\" data-e-type=\"widget\" data-widget_type=\"author-box.default\">\n\t\t\t\t<div class=\"elementor-widget-container\">\n\t\t\t\t\t\t\t<div class=\"elementor-author-box\">\n\t\t\t\t\t\t\t<div  class=\"elementor-author-box__avatar\">\n\t\t\t\t\t<img decoding=\"async\" src=\"https:\/\/rapport.upcf.ch\/wp-content\/uploads\/2023\/01\/Christian_S280421_6-1100x1584-1-300x300.jpeg\" alt=\"Image de Christian Schafer\" loading=\"lazy\">\n\t\t\t\t<\/div>\n\t\t\t\n\t\t\t<div class=\"elementor-author-box__text\">\n\t\t\t\t\t\t\t\t\t<div >\n\t\t\t\t\t\t<h4 class=\"elementor-author-box__name\">\n\t\t\t\t\t\t\tChristian Schafer\t\t\t\t\t\t<\/h4>\n\t\t\t\t\t<\/div>\n\t\t\t\t\n\t\t\t\t\t\t\t\t\t<div class=\"elementor-author-box__bio\">\n\t\t\t\t\t\t<p>STV. DIREKTOR<\/p>\n\t\t\t\t\t<\/div>\n\t\t\t\t\n\t\t\t\t\t\t\t<\/div>\n\t\t<\/div>\n\t\t\t\t\t\t<\/div>\n\t\t\t\t<\/div>\n\t\t\t\t<div class=\"elementor-element elementor-element-74e9b5a elementor-widget elementor-widget-spacer\" data-id=\"74e9b5a\" data-element_type=\"widget\" data-e-type=\"widget\" data-widget_type=\"spacer.default\">\n\t\t\t\t<div class=\"elementor-widget-container\">\n\t\t\t\t\t\t\t<div class=\"elementor-spacer\">\n\t\t\t<div class=\"elementor-spacer-inner\"><\/div>\n\t\t<\/div>\n\t\t\t\t\t\t<\/div>\n\t\t\t\t<\/div>\n\t\t\t\t\t<\/div>\n\t\t<\/div>\n\t\t\t\t\t<\/div>\n\t\t<\/section>\n\t\t\t\t<section class=\"elementor-section elementor-top-section elementor-element elementor-element-749159a5 elementor-section-boxed elementor-section-height-default elementor-section-height-default\" data-id=\"749159a5\" data-element_type=\"section\" data-e-type=\"section\">\n\t\t\t\t\t\t<div class=\"elementor-container elementor-column-gap-default\">\n\t\t\t\t\t<div class=\"elementor-column elementor-col-100 elementor-top-column elementor-element elementor-element-64f3aaf7\" data-id=\"64f3aaf7\" data-element_type=\"column\" data-e-type=\"column\">\n\t\t\t<div class=\"elementor-widget-wrap elementor-element-populated\">\n\t\t\t\t\t\t<div class=\"elementor-element elementor-element-2614b6c6 elementor-widget-divider--view-line elementor-widget elementor-widget-divider\" data-id=\"2614b6c6\" data-element_type=\"widget\" data-e-type=\"widget\" data-widget_type=\"divider.default\">\n\t\t\t\t<div class=\"elementor-widget-container\">\n\t\t\t\t\t\t\t<div class=\"elementor-divider\">\n\t\t\t<span class=\"elementor-divider-separator\">\n\t\t\t\t\t\t<\/span>\n\t\t<\/div>\n\t\t\t\t\t\t<\/div>\n\t\t\t\t<\/div>\n\t\t\t\t<div class=\"elementor-element elementor-element-475bf8a5 elementor-widget elementor-widget-heading\" data-id=\"475bf8a5\" data-element_type=\"widget\" data-e-type=\"widget\" data-widget_type=\"heading.default\">\n\t\t\t\t<div class=\"elementor-widget-container\">\n\t\t\t\t\t<h1 class=\"elementor-heading-title elementor-size-default\">Bericht der Direktion<\/h1>\t\t\t\t<\/div>\n\t\t\t\t<\/div>\n\t\t\t\t<div class=\"elementor-element elementor-element-424f3339 elementor-widget elementor-widget-text-editor\" data-id=\"424f3339\" data-element_type=\"widget\" data-e-type=\"widget\" data-widget_type=\"text-editor.default\">\n\t\t\t\t<div class=\"elementor-widget-container\">\n\t\t\t\t\t\t\t\t\t<p>Nach einem Jahr 2023, das von einer allm\u00e4hlichen Stabilisierung der Konjunktur gepr\u00e4gt war, folgte 2024 in einem wirtschaftlich unsicheren Umfeld, zwischen moderater Inflation, Druck auf die Energiekosten und der erforderlichen Anpassung an neue klimatische sowie digitale Herausforderungen. Die Freiburger Unternehmen sahen sich mit einer instabilen Konjunktur konfrontiert, die von begrenzten Wachstumsaussichten und anhaltenden Spannungen in den Lieferketten gekennzeichnet war. Der Freiburger Arbeitgeberverband (FAV) setzte sein Engagement fort, seine Mitglieder bei der Bew\u00e4ltigung dieser Situation zu unterst\u00fctzen und zugleich seine Schl\u00fcsselrolle in der beruflichen Aus- und Weiterbildung zu st\u00e4rken, ein wesentlicher Faktor zur Sicherung der Wettbewerbsf\u00e4higkeit der lokalen Unternehmen.<\/p>\n<p>Der Mangel an qualifizierten Arbeitskr\u00e4ften bleibt eine zentrale Sorge der Freiburger KMU. Die historisch niedrige Arbeitslosenquote und der zunehmende Wettbewerb zwischen den Branchen sowie zwischen der Privatwirtschaft und der \u00f6ffentlichen Hand, erschweren die Personalrekrutierung erheblich. Der FAV intensivierte daher seine Anstrengungen, Jugendliche, Eltern und Unternehmen f\u00fcr die Bedeutung der dualen Berufsbildung sowie der beruflichen Fort- und Weiterbildung zu sensibilisieren. Im Jahr 2024 wurden in Partnerschaft mit den Berufsverb\u00e4nden mehrere&nbsp;Kampagnen&nbsp; durchgef\u00fchrt, um insbesondere die Attraktivit\u00e4t der technischen und handwerklichen Bildungsg\u00e4nge zu f\u00f6rdern.<\/p>\n<p>Ein Beispiel f\u00fcr das unerm\u00fcdliche Engagement des FAV zugunsten der dualen Berufsbildung ist das Projekt Campus Le Vivier in Villaz-Saint-Pierre. Dieses Ausbildungszentrum wurde im November 2024 in Anwesenheit kantonaler Beh\u00f6rden und Wirtschaftsvertretern eingeweiht und empf\u00e4ngt seit Beginn des Schuljahres im August 2024 Lernende und Ausbildende in einer top modernen und funktionalen Umgebung. Der FAV ist vor Ort pr\u00e4sent mit einem Team, das den Empfang sowie die administrative Unterst\u00fctzung der am Standort vertretenen Berufsverb\u00e4nde gew\u00e4hrleistet. Dieses Projekt unterstreicht die zentrale Rolle des FAV bei der F\u00f6rderung der Berufsbildung im Kanton.<\/p>\n<p><strong>Treffen und Veranstaltungen<\/strong><\/p>\n<p>Am 26. M\u00e4rz 2024 organisierte der FAV in Zusammenarbeit mit der F\u00e9d\u00e9ration Patronale et Economique eine hochkar\u00e4tige Podiumsdiskussion zum Thema \u201eArbeit und Arbeitsunf\u00e4higkeit: verschiedene Blickwinkel\u201c. \u00dcber 150 Teilnehmende und Referierende aus verschiedensten Bereichen, unter anderem aus Medizin, Versicherungen und Unternehmertum, versammelten sich im Forum Freiburg. Die Veranstaltung beleuchtete die Komplexit\u00e4t des Themas der Arbeitsunf\u00e4higkeit und hob die Notwendigkeit engerer interdisziplin\u00e4rer Zusammenarbeit hervor. Konkrete Ans\u00e4tze, etwa eine transparentere Kommunikation, eine intensivere Begleitung der Arbeitnehmenden sowie individualisierte L\u00f6sungen, wie angepasste Telearbeit, wurden vorgestellt. Dieser Anlass verdeutlichte den Willen des FAV, konstruktive Dialogr\u00e4ume zu zentralen Herausforderungen f\u00fcr die Freiburger Unternehmen zu schaffen.<\/p>\n<p>Am 17. April 2024 fand das traditionelle Jahrestreffen der Pr\u00e4sidentinnen und Pr\u00e4sidenten der Mitgliederverb\u00e4nde des FAV statt. Dieser besondere Moment des Austauschs erm\u00f6glichte es, eine Bestandesaufnahme der Anliegen der verschiedenen Wirtschaftsbereiche vorzunehmen und Wege f\u00fcr gemeinsame Handlungsans\u00e4tze zu er\u00f6rtern. Der Vortrag von Alex Geissb\u00fchler, Pr\u00e4sident des Verwaltungsrats der FKB, lieferte interessante Einblicke in die Herausforderungen einer Retailbank und deren KMU-Kunden am Beispiel der Wirtschaftssanktionen. Der Tag endete mit einem geselligen Mittagessen, der die Verbundenheit der Mitglieder weiter st\u00e4rkte.<\/p>\n<p>Die 77. Generalversammlung des FAV wurde am 4. Juni 2024 in der Mehrsporthalle Sankt Leonhard abgehalten, dem Heimstadion des Basketballklubs Fribourg Olympic. Die Wahl des Veranstaltungsorts erfolgte zu Ehren des FAV-Gr\u00fcnders, Ferdinand Masset, zugleich erster Pr\u00e4sident von Fribourg Olympic. Im statutarischen Teil wurde St\u00e4nder\u00e4tin Johanna Gapany, Pr\u00e4sidentin des Verbandes Seilbahnen Freiburger Alpen (SBFA), in den Verwaltungsrat des FAV gew\u00e4hlt.<br>Der offizielle Teil der Versammlung wurde von Jean-Pierre Siggen, Staatsratspr\u00e4sident und ehemaliger Direktor des FAV, er\u00f6ffnet. In seiner Ansprache bekannte er sich dazu, sich in der Welt des Gewerbes wie \u201ezu Hause\u201c zu f\u00fchlen. Im Zentrum dieses feierlichen Moments stand die Pr\u00e4sentation des Buches <em>\u201eFerdinand Masset &#8211; 50 Jahre im Dienste der Freiburger Wirtschaft\u201c<\/em> durch den Historiker und Autor Jean-Pierre Dorand, der verschiedene Facetten dieser vision\u00e4ren und faszinierenden Pers\u00f6nlichkeit beleuchtete.<br>Der Abend fand seinen Abschluss mit einer Ansprache von Pascal Joye, Pr\u00e4sident von Fribourg Olympic, der die beeindruckende Geschichte des Vereins Revue passieren liess, gefolgt von einer mitreissenden 3 x 3-Demonstration durch Spieler von Fribourg Olympic.<\/p>\n<p>Im Rahmen der siebten Ausgabe des Herbstauftakts der Unternehmen, die am 22. August 2024 durchgef\u00fchrt wurde, standen erneut die vorbildlichen Ausbildungsbetriebe des Kantons im Mittelpunkt. In Anwesenheit ihrer Ausbildnerinnen und Ausbildner sowie der Lernenden wurden zehn Unternehmen f\u00fcr ihr Engagement zugunsten des Berufsnachwuchses ausgezeichnet. Der Ehrengast, Alt-Bundesrat Alain Berset, hielt einen inspirierenden Vortrag \u00fcber Krisenmanagement und die Bedeutung der Anpassungsf\u00e4higkeit in einem sich stetig wandelnden wirtschaftlichen Umfeld.<\/p>\n<p><strong>Informationen, Fort- und Weiterbildungen<\/strong><\/p>\n<p>Die Fort- und Weiterbildung bleibt eine strategische Priorit\u00e4t f\u00fcr den FAV. Im Jahr 2024 wurden in unseren R\u00e4umlichkeiten an der Rue de l&rsquo;H\u00f4pital \u00fcber 40 Kurse durchgef\u00fchrt. Diese deckten ein breites Themenspektrum ab, von Management, Human Resources und Sicherheit \u00fcber digitales Marketing bis hin zu sozialen Kompetenzen. Diese Angebote stiessen bei den Teilnehmenden auf grosses Interesse und verdeutlichten die Bedeutung kontinuierlicher Kompetenzentwicklung im Hinblick auf aktuelle Herausforderungen. Zudem organisiert der FAV seit rund zehn Jahren in Partnerschaft mit Romandie Formation den Lehrgang zum eidgen\u00f6ssischen Fachausweis f\u00fcr Fachleute Unternehmensf\u00fchrung KMU. Der Ausbildungsjahrgang 2023-2024 wurde im Dezember abgeschlossen und best\u00e4tigt die Attraktivit\u00e4t dieser Weiterbildung, die zuk\u00fcnftige F\u00fchrungskr\u00e4fte gezielt auf die spezifischen Anforderungen der Freiburger KMU vorbereitet.<\/p>\n<p>Die Fort- und Weiterbildung bleibt eine strategische Priorit\u00e4t f\u00fcr den FAV. Im Jahr 2024 wurden in den R\u00e4umlichkeiten des Verbands an der Rue de l&rsquo;H\u00f4pital 15 \u00fcber 40 Kurse durchgef\u00fchrt. Diese deckten ein breites Themenspektrum ab, von Management, Human Resources und Sicherheit \u00fcber digitales Marketing bis hin zu sozialen Kompetenzen. Diese Angebote stiessen bei den Teilnehmenden auf grosses Interesse und verdeutlichten die Bedeutung kontinuierlicher Kompetenzentwicklung im Hinblick auf aktuelle Herausforderungen. Zudem organisiert der FAV seit rund zehn Jahren in Partnerschaft mit Romandie Formation den Lehrgang zum eidgen\u00f6ssischen Fachausweis f\u00fcr Fachleute Unternehmensf\u00fchrung KMU. Der Ausbildungsjahrgang 2023-2024 wurde im Dezember abgeschlossen und best\u00e4tigt die Attraktivit\u00e4t dieser Weiterbildung, die zuk\u00fcnftige F\u00fchrungskr\u00e4fte gezielt auf die spezifischen Anforderungen der Freiburger KMU vorbereitet.<\/p>\n<p>Die juristischen Schulungen \u2013 online wie in Pr\u00e4senz \u2013 sowie die Beitr\u00e4ge in der Info Patronale und auf den digitalen Kan\u00e4len des FAV erm\u00f6glichen es den Mitgliedern, stets \u00fcber gesetzliche Entwicklungen mit Auswirkungen auf den Unternehmensalltag informiert zu bleiben. Diese Wachsamkeit und Sensibilisierung spiegelt das stetige Bestreben des FAV wider, seine Mitglieder bei der Bew\u00e4ltigung rechtlicher und gesellschaftlicher Herausforderungen zu unterst\u00fctzen.<\/p>\n<p>Zum Schluss m\u00f6chte die Direktion des FAV ihren Mitarbeitenden f\u00fcr den beispielhaften Einsatz herzlich danken. Getreu unserem Auftrag f\u00f6rdern wir aktiv die berufliche Weiterbildung. Mehrere Mitarbeitende haben eidgen\u00f6ssische Fachausweise sowie DAS- oder CAS-Diplome erworben oder bereiten sich derzeit darauf vor. Diese gelebte Weiterbildungskultur steht sinnbildlich f\u00fcr die Grundwerte des FAV, die der Verband heute wie in Zukunft mit \u00dcberzeugung vertritt und weitertr\u00e4gt.<\/p>\t\t\t\t\t\t\t\t<\/div>\n\t\t\t\t<\/div>\n\t\t\t\t<div class=\"elementor-element elementor-element-18a3ca0f elementor-align-center elementor-widget elementor-widget-button\" data-id=\"18a3ca0f\" data-element_type=\"widget\" data-e-type=\"widget\" data-widget_type=\"button.default\">\n\t\t\t\t<div class=\"elementor-widget-container\">\n\t\t\t\t\t\t\t\t\t<div class=\"elementor-button-wrapper\">\n\t\t\t\t\t<a class=\"elementor-button elementor-button-link elementor-size-sm\" href=\"http:\/\/rapport.upcf.ch\/index.php\/de\/rapport-activite-2024-de\/#direktion\">\n\t\t\t\t\t\t<span class=\"elementor-button-content-wrapper\">\n\t\t\t\t\t\t\t\t\t<span class=\"elementor-button-text\">Zur\u00fcck zum Jahresbericht<\/span>\n\t\t\t\t\t<\/span>\n\t\t\t\t\t<\/a>\n\t\t\t\t<\/div>\n\t\t\t\t\t\t\t\t<\/div>\n\t\t\t\t<\/div>\n\t\t\t\t<div class=\"elementor-element elementor-element-025b349 elementor-widget elementor-widget-spacer\" data-id=\"025b349\" data-element_type=\"widget\" data-e-type=\"widget\" data-widget_type=\"spacer.default\">\n\t\t\t\t<div class=\"elementor-widget-container\">\n\t\t\t\t\t\t\t<div class=\"elementor-spacer\">\n\t\t\t<div class=\"elementor-spacer-inner\"><\/div>\n\t\t<\/div>\n\t\t\t\t\t\t<\/div>\n\t\t\t\t<\/div>\n\t\t\t\t<div class=\"elementor-element elementor-element-67ce034d elementor-widget elementor-widget-spacer\" data-id=\"67ce034d\" data-element_type=\"widget\" data-e-type=\"widget\" data-widget_type=\"spacer.default\">\n\t\t\t\t<div class=\"elementor-widget-container\">\n\t\t\t\t\t\t\t<div class=\"elementor-spacer\">\n\t\t\t<div class=\"elementor-spacer-inner\"><\/div>\n\t\t<\/div>\n\t\t\t\t\t\t<\/div>\n\t\t\t\t<\/div>\n\t\t\t\t\t<\/div>\n\t\t<\/div>\n\t\t\t\t\t<\/div>\n\t\t<\/section>\n\t\t\t\t<section class=\"elementor-section elementor-top-section elementor-element elementor-element-571fdc1 elementor-section-height-min-height elementor-section-boxed elementor-section-height-default elementor-section-items-middle elementor-invisible\" data-id=\"571fdc1\" data-element_type=\"section\" data-e-type=\"section\" data-settings=\"{&quot;animation&quot;:&quot;fadeIn&quot;,&quot;background_background&quot;:&quot;classic&quot;}\">\n\t\t\t\t\t\t\t<div class=\"elementor-background-overlay\"><\/div>\n\t\t\t\t\t\t\t<div class=\"elementor-container elementor-column-gap-default\">\n\t\t\t\t\t<div class=\"elementor-column elementor-col-100 elementor-top-column elementor-element elementor-element-099bf46\" data-id=\"099bf46\" data-element_type=\"column\" data-e-type=\"column\">\n\t\t\t<div class=\"elementor-widget-wrap\">\n\t\t\t\t\t\t\t<\/div>\n\t\t<\/div>\n\t\t\t\t\t<\/div>\n\t\t<\/section>\n\t\t\t\t<\/div>\n\t\t","protected":false},"excerpt":{"rendered":"<p>Jahresbericht 2024 Bericht der Direktion Nach einem Jahr 2023, das von einer allm\u00e4hlichen Stabilisierung der Konjunktur gepr\u00e4gt war, folgte 2024 in einem wirtschaftlich unsicheren Umfeld, zwischen moderater Inflation, Druck auf die Energiekosten und der erforderlichen Anpassung an neue klimatische sowie digitale Herausforderungen. Die Freiburger Unternehmen sahen sich mit einer instabilen Konjunktur konfrontiert, die von begrenzten [&hellip;]<\/p>\n","protected":false},"author":1,"featured_media":0,"comment_status":"open","ping_status":"closed","sticky":false,"template":"","format":"standard","meta":{"_uag_custom_page_level_css":"","footnotes":""},"categories":[18],"tags":[],"class_list":["post-3507","post","type-post","status-publish","format-standard","hentry","category-non-classe-de","entry"],"yoast_head":"<!-- This site is optimized with the Yoast SEO plugin v27.5 - https:\/\/yoast.com\/product\/yoast-seo-wordpress\/ -->\n<title>2024 Rapport direction \u2013 DE - Rapport activit\u00e9<\/title>\n<meta name=\"robots\" content=\"index, follow, max-snippet:-1, max-image-preview:large, max-video-preview:-1\" \/>\n<link rel=\"canonical\" href=\"https:\/\/rapport.upcf.ch\/index.php\/de\/2025\/04\/30\/2024-rapport-direction-de\/\" \/>\n<meta property=\"og:locale\" content=\"fr_FR\" \/>\n<meta property=\"og:type\" content=\"article\" \/>\n<meta property=\"og:title\" content=\"2024 Rapport direction \u2013 DE - Rapport activit\u00e9\" \/>\n<meta property=\"og:description\" content=\"Jahresbericht 2024 Bericht der Direktion Nach einem Jahr 2023, das von einer allm\u00e4hlichen Stabilisierung der Konjunktur gepr\u00e4gt war, folgte 2024 in einem wirtschaftlich unsicheren Umfeld, zwischen moderater Inflation, Druck auf die Energiekosten und der erforderlichen Anpassung an neue klimatische sowie digitale Herausforderungen. Die Freiburger Unternehmen sahen sich mit einer instabilen Konjunktur konfrontiert, die von begrenzten [&hellip;]\" \/>\n<meta property=\"og:url\" content=\"https:\/\/rapport.upcf.ch\/index.php\/de\/2025\/04\/30\/2024-rapport-direction-de\/\" \/>\n<meta property=\"og:site_name\" content=\"Rapport activit\u00e9\" \/>\n<meta property=\"article:published_time\" content=\"2025-04-30T09:09:30+00:00\" \/>\n<meta property=\"article:modified_time\" content=\"2025-05-07T09:08:01+00:00\" \/>\n<meta property=\"og:image\" content=\"https:\/\/rapport.upcf.ch\/wp-content\/uploads\/2023\/01\/Logo_Rond_OK_Plan-de-travail-1.svg\" \/>\n<meta name=\"author\" content=\"admin\" \/>\n<meta name=\"twitter:card\" content=\"summary_large_image\" \/>\n<meta name=\"twitter:label1\" content=\"\u00c9crit par\" \/>\n\t<meta name=\"twitter:data1\" content=\"admin\" \/>\n\t<meta name=\"twitter:label2\" content=\"Dur\u00e9e de lecture estim\u00e9e\" \/>\n\t<meta name=\"twitter:data2\" content=\"7 minutes\" \/>\n<script type=\"application\/ld+json\" class=\"yoast-schema-graph\">{\"@context\":\"https:\\\/\\\/schema.org\",\"@graph\":[{\"@type\":\"Article\",\"@id\":\"https:\\\/\\\/rapport.upcf.ch\\\/index.php\\\/de\\\/2025\\\/04\\\/30\\\/2024-rapport-direction-de\\\/#article\",\"isPartOf\":{\"@id\":\"https:\\\/\\\/rapport.upcf.ch\\\/index.php\\\/de\\\/2025\\\/04\\\/30\\\/2024-rapport-direction-de\\\/\"},\"author\":{\"name\":\"admin\",\"@id\":\"https:\\\/\\\/rapport.upcf.ch\\\/#\\\/schema\\\/person\\\/542e2a4e6115a0693bb5a90bbcfb5206\"},\"headline\":\"2024 Rapport direction \u2013 DE\",\"datePublished\":\"2025-04-30T09:09:30+00:00\",\"dateModified\":\"2025-05-07T09:08:01+00:00\",\"mainEntityOfPage\":{\"@id\":\"https:\\\/\\\/rapport.upcf.ch\\\/index.php\\\/de\\\/2025\\\/04\\\/30\\\/2024-rapport-direction-de\\\/\"},\"wordCount\":1129,\"commentCount\":0,\"image\":{\"@id\":\"https:\\\/\\\/rapport.upcf.ch\\\/index.php\\\/de\\\/2025\\\/04\\\/30\\\/2024-rapport-direction-de\\\/#primaryimage\"},\"thumbnailUrl\":\"https:\\\/\\\/rapport.upcf.ch\\\/wp-content\\\/uploads\\\/2023\\\/01\\\/Logo_Rond_OK_Plan-de-travail-1.svg\",\"inLanguage\":\"fr-FR\",\"potentialAction\":[{\"@type\":\"CommentAction\",\"name\":\"Comment\",\"target\":[\"https:\\\/\\\/rapport.upcf.ch\\\/index.php\\\/de\\\/2025\\\/04\\\/30\\\/2024-rapport-direction-de\\\/#respond\"]}]},{\"@type\":\"WebPage\",\"@id\":\"https:\\\/\\\/rapport.upcf.ch\\\/index.php\\\/de\\\/2025\\\/04\\\/30\\\/2024-rapport-direction-de\\\/\",\"url\":\"https:\\\/\\\/rapport.upcf.ch\\\/index.php\\\/de\\\/2025\\\/04\\\/30\\\/2024-rapport-direction-de\\\/\",\"name\":\"2024 Rapport direction \u2013 DE - Rapport activit\u00e9\",\"isPartOf\":{\"@id\":\"https:\\\/\\\/rapport.upcf.ch\\\/#website\"},\"primaryImageOfPage\":{\"@id\":\"https:\\\/\\\/rapport.upcf.ch\\\/index.php\\\/de\\\/2025\\\/04\\\/30\\\/2024-rapport-direction-de\\\/#primaryimage\"},\"image\":{\"@id\":\"https:\\\/\\\/rapport.upcf.ch\\\/index.php\\\/de\\\/2025\\\/04\\\/30\\\/2024-rapport-direction-de\\\/#primaryimage\"},\"thumbnailUrl\":\"https:\\\/\\\/rapport.upcf.ch\\\/wp-content\\\/uploads\\\/2023\\\/01\\\/Logo_Rond_OK_Plan-de-travail-1.svg\",\"datePublished\":\"2025-04-30T09:09:30+00:00\",\"dateModified\":\"2025-05-07T09:08:01+00:00\",\"author\":{\"@id\":\"https:\\\/\\\/rapport.upcf.ch\\\/#\\\/schema\\\/person\\\/542e2a4e6115a0693bb5a90bbcfb5206\"},\"breadcrumb\":{\"@id\":\"https:\\\/\\\/rapport.upcf.ch\\\/index.php\\\/de\\\/2025\\\/04\\\/30\\\/2024-rapport-direction-de\\\/#breadcrumb\"},\"inLanguage\":\"fr-FR\",\"potentialAction\":[{\"@type\":\"ReadAction\",\"target\":[\"https:\\\/\\\/rapport.upcf.ch\\\/index.php\\\/de\\\/2025\\\/04\\\/30\\\/2024-rapport-direction-de\\\/\"]}]},{\"@type\":\"ImageObject\",\"inLanguage\":\"fr-FR\",\"@id\":\"https:\\\/\\\/rapport.upcf.ch\\\/index.php\\\/de\\\/2025\\\/04\\\/30\\\/2024-rapport-direction-de\\\/#primaryimage\",\"url\":\"https:\\\/\\\/rapport.upcf.ch\\\/wp-content\\\/uploads\\\/2023\\\/01\\\/Logo_Rond_OK_Plan-de-travail-1.svg\",\"contentUrl\":\"https:\\\/\\\/rapport.upcf.ch\\\/wp-content\\\/uploads\\\/2023\\\/01\\\/Logo_Rond_OK_Plan-de-travail-1.svg\",\"width\":595,\"height\":595},{\"@type\":\"BreadcrumbList\",\"@id\":\"https:\\\/\\\/rapport.upcf.ch\\\/index.php\\\/de\\\/2025\\\/04\\\/30\\\/2024-rapport-direction-de\\\/#breadcrumb\",\"itemListElement\":[{\"@type\":\"ListItem\",\"position\":1,\"name\":\"Accueil\",\"item\":\"https:\\\/\\\/rapport.upcf.ch\\\/\"},{\"@type\":\"ListItem\",\"position\":2,\"name\":\"2024 Rapport direction \u2013 DE\"}]},{\"@type\":\"WebSite\",\"@id\":\"https:\\\/\\\/rapport.upcf.ch\\\/#website\",\"url\":\"https:\\\/\\\/rapport.upcf.ch\\\/\",\"name\":\"Rapport activit\u00e9\",\"description\":\"\",\"potentialAction\":[{\"@type\":\"SearchAction\",\"target\":{\"@type\":\"EntryPoint\",\"urlTemplate\":\"https:\\\/\\\/rapport.upcf.ch\\\/?s={search_term_string}\"},\"query-input\":{\"@type\":\"PropertyValueSpecification\",\"valueRequired\":true,\"valueName\":\"search_term_string\"}}],\"inLanguage\":\"fr-FR\"},{\"@type\":\"Person\",\"@id\":\"https:\\\/\\\/rapport.upcf.ch\\\/#\\\/schema\\\/person\\\/542e2a4e6115a0693bb5a90bbcfb5206\",\"name\":\"admin\",\"image\":{\"@type\":\"ImageObject\",\"inLanguage\":\"fr-FR\",\"@id\":\"https:\\\/\\\/secure.gravatar.com\\\/avatar\\\/d0b254d69e3d6eebaf12e170f7f86b9bc7ac1b9583367a5034b36f350ea953d9?s=96&d=mm&r=g\",\"url\":\"https:\\\/\\\/secure.gravatar.com\\\/avatar\\\/d0b254d69e3d6eebaf12e170f7f86b9bc7ac1b9583367a5034b36f350ea953d9?s=96&d=mm&r=g\",\"contentUrl\":\"https:\\\/\\\/secure.gravatar.com\\\/avatar\\\/d0b254d69e3d6eebaf12e170f7f86b9bc7ac1b9583367a5034b36f350ea953d9?s=96&d=mm&r=g\",\"caption\":\"admin\"},\"sameAs\":[\"https:\\\/\\\/rapport.upcf.ch\"],\"url\":\"https:\\\/\\\/rapport.upcf.ch\\\/index.php\\\/author\\\/upcf_tw1iy6nf\\\/\"}]}<\/script>\n<!-- \/ Yoast SEO plugin. -->","yoast_head_json":{"title":"2024 Rapport direction \u2013 DE - Rapport activit\u00e9","robots":{"index":"index","follow":"follow","max-snippet":"max-snippet:-1","max-image-preview":"max-image-preview:large","max-video-preview":"max-video-preview:-1"},"canonical":"https:\/\/rapport.upcf.ch\/index.php\/de\/2025\/04\/30\/2024-rapport-direction-de\/","og_locale":"fr_FR","og_type":"article","og_title":"2024 Rapport direction \u2013 DE - Rapport activit\u00e9","og_description":"Jahresbericht 2024 Bericht der Direktion Nach einem Jahr 2023, das von einer allm\u00e4hlichen Stabilisierung der Konjunktur gepr\u00e4gt war, folgte 2024 in einem wirtschaftlich unsicheren Umfeld, zwischen moderater Inflation, Druck auf die Energiekosten und der erforderlichen Anpassung an neue klimatische sowie digitale Herausforderungen. Die Freiburger Unternehmen sahen sich mit einer instabilen Konjunktur konfrontiert, die von begrenzten [&hellip;]","og_url":"https:\/\/rapport.upcf.ch\/index.php\/de\/2025\/04\/30\/2024-rapport-direction-de\/","og_site_name":"Rapport activit\u00e9","article_published_time":"2025-04-30T09:09:30+00:00","article_modified_time":"2025-05-07T09:08:01+00:00","og_image":[{"url":"https:\/\/rapport.upcf.ch\/wp-content\/uploads\/2023\/01\/Logo_Rond_OK_Plan-de-travail-1.svg","type":"","width":"","height":""}],"author":"admin","twitter_card":"summary_large_image","twitter_misc":{"\u00c9crit par":"admin","Dur\u00e9e de lecture estim\u00e9e":"7 minutes"},"schema":{"@context":"https:\/\/schema.org","@graph":[{"@type":"Article","@id":"https:\/\/rapport.upcf.ch\/index.php\/de\/2025\/04\/30\/2024-rapport-direction-de\/#article","isPartOf":{"@id":"https:\/\/rapport.upcf.ch\/index.php\/de\/2025\/04\/30\/2024-rapport-direction-de\/"},"author":{"name":"admin","@id":"https:\/\/rapport.upcf.ch\/#\/schema\/person\/542e2a4e6115a0693bb5a90bbcfb5206"},"headline":"2024 Rapport direction \u2013 DE","datePublished":"2025-04-30T09:09:30+00:00","dateModified":"2025-05-07T09:08:01+00:00","mainEntityOfPage":{"@id":"https:\/\/rapport.upcf.ch\/index.php\/de\/2025\/04\/30\/2024-rapport-direction-de\/"},"wordCount":1129,"commentCount":0,"image":{"@id":"https:\/\/rapport.upcf.ch\/index.php\/de\/2025\/04\/30\/2024-rapport-direction-de\/#primaryimage"},"thumbnailUrl":"https:\/\/rapport.upcf.ch\/wp-content\/uploads\/2023\/01\/Logo_Rond_OK_Plan-de-travail-1.svg","inLanguage":"fr-FR","potentialAction":[{"@type":"CommentAction","name":"Comment","target":["https:\/\/rapport.upcf.ch\/index.php\/de\/2025\/04\/30\/2024-rapport-direction-de\/#respond"]}]},{"@type":"WebPage","@id":"https:\/\/rapport.upcf.ch\/index.php\/de\/2025\/04\/30\/2024-rapport-direction-de\/","url":"https:\/\/rapport.upcf.ch\/index.php\/de\/2025\/04\/30\/2024-rapport-direction-de\/","name":"2024 Rapport direction \u2013 DE - Rapport activit\u00e9","isPartOf":{"@id":"https:\/\/rapport.upcf.ch\/#website"},"primaryImageOfPage":{"@id":"https:\/\/rapport.upcf.ch\/index.php\/de\/2025\/04\/30\/2024-rapport-direction-de\/#primaryimage"},"image":{"@id":"https:\/\/rapport.upcf.ch\/index.php\/de\/2025\/04\/30\/2024-rapport-direction-de\/#primaryimage"},"thumbnailUrl":"https:\/\/rapport.upcf.ch\/wp-content\/uploads\/2023\/01\/Logo_Rond_OK_Plan-de-travail-1.svg","datePublished":"2025-04-30T09:09:30+00:00","dateModified":"2025-05-07T09:08:01+00:00","author":{"@id":"https:\/\/rapport.upcf.ch\/#\/schema\/person\/542e2a4e6115a0693bb5a90bbcfb5206"},"breadcrumb":{"@id":"https:\/\/rapport.upcf.ch\/index.php\/de\/2025\/04\/30\/2024-rapport-direction-de\/#breadcrumb"},"inLanguage":"fr-FR","potentialAction":[{"@type":"ReadAction","target":["https:\/\/rapport.upcf.ch\/index.php\/de\/2025\/04\/30\/2024-rapport-direction-de\/"]}]},{"@type":"ImageObject","inLanguage":"fr-FR","@id":"https:\/\/rapport.upcf.ch\/index.php\/de\/2025\/04\/30\/2024-rapport-direction-de\/#primaryimage","url":"https:\/\/rapport.upcf.ch\/wp-content\/uploads\/2023\/01\/Logo_Rond_OK_Plan-de-travail-1.svg","contentUrl":"https:\/\/rapport.upcf.ch\/wp-content\/uploads\/2023\/01\/Logo_Rond_OK_Plan-de-travail-1.svg","width":595,"height":595},{"@type":"BreadcrumbList","@id":"https:\/\/rapport.upcf.ch\/index.php\/de\/2025\/04\/30\/2024-rapport-direction-de\/#breadcrumb","itemListElement":[{"@type":"ListItem","position":1,"name":"Accueil","item":"https:\/\/rapport.upcf.ch\/"},{"@type":"ListItem","position":2,"name":"2024 Rapport direction \u2013 DE"}]},{"@type":"WebSite","@id":"https:\/\/rapport.upcf.ch\/#website","url":"https:\/\/rapport.upcf.ch\/","name":"Rapport activit\u00e9","description":"","potentialAction":[{"@type":"SearchAction","target":{"@type":"EntryPoint","urlTemplate":"https:\/\/rapport.upcf.ch\/?s={search_term_string}"},"query-input":{"@type":"PropertyValueSpecification","valueRequired":true,"valueName":"search_term_string"}}],"inLanguage":"fr-FR"},{"@type":"Person","@id":"https:\/\/rapport.upcf.ch\/#\/schema\/person\/542e2a4e6115a0693bb5a90bbcfb5206","name":"admin","image":{"@type":"ImageObject","inLanguage":"fr-FR","@id":"https:\/\/secure.gravatar.com\/avatar\/d0b254d69e3d6eebaf12e170f7f86b9bc7ac1b9583367a5034b36f350ea953d9?s=96&d=mm&r=g","url":"https:\/\/secure.gravatar.com\/avatar\/d0b254d69e3d6eebaf12e170f7f86b9bc7ac1b9583367a5034b36f350ea953d9?s=96&d=mm&r=g","contentUrl":"https:\/\/secure.gravatar.com\/avatar\/d0b254d69e3d6eebaf12e170f7f86b9bc7ac1b9583367a5034b36f350ea953d9?s=96&d=mm&r=g","caption":"admin"},"sameAs":["https:\/\/rapport.upcf.ch"],"url":"https:\/\/rapport.upcf.ch\/index.php\/author\/upcf_tw1iy6nf\/"}]}},"uagb_featured_image_src":{"full":false,"thumbnail":false,"medium":false,"medium_large":false,"large":false,"1536x1536":false,"2048x2048":false,"ocean-thumb-m":false,"ocean-thumb-ml":false,"ocean-thumb-l":false},"uagb_author_info":{"display_name":"admin","author_link":"https:\/\/rapport.upcf.ch\/index.php\/author\/upcf_tw1iy6nf\/"},"uagb_comment_info":8,"uagb_excerpt":"Jahresbericht 2024 Bericht der Direktion Nach einem Jahr 2023, das von einer allm\u00e4hlichen Stabilisierung der Konjunktur gepr\u00e4gt war, folgte 2024 in einem wirtschaftlich unsicheren Umfeld, zwischen moderater Inflation, Druck auf die Energiekosten und der erforderlichen Anpassung an neue klimatische sowie digitale Herausforderungen. Die Freiburger Unternehmen sahen sich mit einer instabilen Konjunktur konfrontiert, die von begrenzten\u2026","_links":{"self":[{"href":"https:\/\/rapport.upcf.ch\/index.php\/wp-json\/wp\/v2\/posts\/3507","targetHints":{"allow":["GET"]}}],"collection":[{"href":"https:\/\/rapport.upcf.ch\/index.php\/wp-json\/wp\/v2\/posts"}],"about":[{"href":"https:\/\/rapport.upcf.ch\/index.php\/wp-json\/wp\/v2\/types\/post"}],"author":[{"embeddable":true,"href":"https:\/\/rapport.upcf.ch\/index.php\/wp-json\/wp\/v2\/users\/1"}],"replies":[{"embeddable":true,"href":"https:\/\/rapport.upcf.ch\/index.php\/wp-json\/wp\/v2\/comments?post=3507"}],"version-history":[{"count":40,"href":"https:\/\/rapport.upcf.ch\/index.php\/wp-json\/wp\/v2\/posts\/3507\/revisions"}],"predecessor-version":[{"id":3724,"href":"https:\/\/rapport.upcf.ch\/index.php\/wp-json\/wp\/v2\/posts\/3507\/revisions\/3724"}],"wp:attachment":[{"href":"https:\/\/rapport.upcf.ch\/index.php\/wp-json\/wp\/v2\/media?parent=3507"}],"wp:term":[{"taxonomy":"category","embeddable":true,"href":"https:\/\/rapport.upcf.ch\/index.php\/wp-json\/wp\/v2\/categories?post=3507"},{"taxonomy":"post_tag","embeddable":true,"href":"https:\/\/rapport.upcf.ch\/index.php\/wp-json\/wp\/v2\/tags?post=3507"}],"curies":[{"name":"wp","href":"https:\/\/api.w.org\/{rel}","templated":true}]}}